{"id":41,"date":"2013-11-24T16:13:09","date_gmt":"2013-11-24T16:13:09","guid":{"rendered":"http:\/\/blog.espol.edu.ec\/jobrsanc\/?p=41"},"modified":"2013-11-24T16:13:09","modified_gmt":"2013-11-24T16:13:09","slug":"etapas-del-miedo","status":"publish","type":"post","link":"https:\/\/blog.espol.edu.ec\/jobrsanc\/2013\/11\/24\/etapas-del-miedo\/","title":{"rendered":"Etapas del miedo"},"content":{"rendered":"<p><a href=\"http:\/\/blog.espol.edu.ec\/jobrsanc\/files\/2013\/11\/El-miedo-y-las-etapas-de-la-vida.jpg\"><img loading=\"lazy\" decoding=\"async\" class=\"aligncenter size-medium wp-image-42\" alt=\"El-miedo-y-las-etapas-de-la-vida\" src=\"http:\/\/blog.espol.edu.ec\/jobrsanc\/files\/2013\/11\/El-miedo-y-las-etapas-de-la-vida-300x84.jpg\" width=\"300\" height=\"84\" srcset=\"https:\/\/blog.espol.edu.ec\/jobrsanc\/files\/2013\/11\/El-miedo-y-las-etapas-de-la-vida-300x84.jpg 300w, https:\/\/blog.espol.edu.ec\/jobrsanc\/files\/2013\/11\/El-miedo-y-las-etapas-de-la-vida.jpg 800w\" sizes=\"auto, (max-width: 300px) 100vw, 300px\" \/><\/a><\/p>\n<p>El miedo radica en una de las zonas m\u00e1s primitivas del cerebro de los mam\u00edferos. Es una estrategia compleja y din\u00e1mica que conecta diferentes regiones del cerebro con el fin de afrontar situaciones peligrosas.<\/p>\n<p>Avances tecnol\u00f3gicos, como la resonancia magn\u00e9tica funcional han permitido visualizar lo que sucede dentro del cerebro cuando algo o alguien de alguna manera nos amenaza.<\/p>\n<p>El miedo pasa por diferentes etapas. Cuando se siente la presencia  de lo que origina el miedo, por ejemplo, un asaltante, lo primero que se activa es una zona de la forma y el tama\u00f1o de una almendra llamada am\u00edgdala, la cual a su vez manda una se\u00f1al a la zona prefrontal del cerebro.<\/p>\n<p>El sujeto se mantiene inm\u00f3vil mientras aval\u00faa al origen del peligro y concentra su atenci\u00f3n en los cambios m\u00e1s sutiles para decidir su siguiente acci\u00f3n. El ritmo cardiaco aumenta preparando al cuerpo para actuar con prontitud. Sin embargo, si el sujeto amenazante se acerca, se env\u00eda una se\u00f1al a la zona media interna del cerebro llamada periacueducto gris. \u00c9sta dar\u00e1 la se\u00f1al para pelear o huir. Si la activaci\u00f3n de esta zona es exagerada, la zona prefrontal se apaga, se deja de razonar y se puede caer en p\u00e1nico.<\/p>\n<p>El miedo puede alcanzar diferentes dimensiones, desde un simple susto hasta un p\u00e1nico o terror fuera de control. <\/p>\n","protected":false},"excerpt":{"rendered":"<p>El miedo radica en una de las zonas m\u00e1s primitivas del cerebro de los mam\u00edferos. Es una estrategia compleja y din\u00e1mica que conecta diferentes regiones del cerebro con el fin de afrontar situaciones peligrosas. Avances tecnol\u00f3gicos, como la resonancia magn\u00e9tica funcional han permitido visualizar lo que sucede dentro del cerebro cuando algo o alguien de &hellip; <\/p>\n<p><a class=\"more-link btn\" href=\"https:\/\/blog.espol.edu.ec\/jobrsanc\/2013\/11\/24\/etapas-del-miedo\/\">Seguir leyendo<\/a><\/p>\n","protected":false},"author":8903,"featured_media":0,"comment_status":"closed","ping_status":"closed","sticky":false,"template":"","format":"standard","meta":{"footnotes":""},"categories":[818],"tags":[],"class_list":["post-41","post","type-post","status-publish","format-standard","hentry","category-sin-categoria","item-wrap"],"_links":{"self":[{"href":"https:\/\/blog.espol.edu.ec\/jobrsanc\/wp-json\/wp\/v2\/posts\/41","targetHints":{"allow":["GET"]}}],"collection":[{"href":"https:\/\/blog.espol.edu.ec\/jobrsanc\/wp-json\/wp\/v2\/posts"}],"about":[{"href":"https:\/\/blog.espol.edu.ec\/jobrsanc\/wp-json\/wp\/v2\/types\/post"}],"author":[{"embeddable":true,"href":"https:\/\/blog.espol.edu.ec\/jobrsanc\/wp-json\/wp\/v2\/users\/8903"}],"replies":[{"embeddable":true,"href":"https:\/\/blog.espol.edu.ec\/jobrsanc\/wp-json\/wp\/v2\/comments?post=41"}],"version-history":[{"count":1,"href":"https:\/\/blog.espol.edu.ec\/jobrsanc\/wp-json\/wp\/v2\/posts\/41\/revisions"}],"predecessor-version":[{"id":43,"href":"https:\/\/blog.espol.edu.ec\/jobrsanc\/wp-json\/wp\/v2\/posts\/41\/revisions\/43"}],"wp:attachment":[{"href":"https:\/\/blog.espol.edu.ec\/jobrsanc\/wp-json\/wp\/v2\/media?parent=41"}],"wp:term":[{"taxonomy":"category","embeddable":true,"href":"https:\/\/blog.espol.edu.ec\/jobrsanc\/wp-json\/wp\/v2\/categories?post=41"},{"taxonomy":"post_tag","embeddable":true,"href":"https:\/\/blog.espol.edu.ec\/jobrsanc\/wp-json\/wp\/v2\/tags?post=41"}],"curies":[{"name":"wp","href":"https:\/\/api.w.org\/{rel}","templated":true}]}}