{"id":305,"date":"2010-09-13T11:41:05","date_gmt":"2010-09-13T16:41:05","guid":{"rendered":"http:\/\/blog.espol.edu.ec\/johanna91\/?p=305"},"modified":"2010-09-13T11:48:24","modified_gmt":"2010-09-13T16:48:24","slug":"manglares-churute-reserva-ecologica","status":"publish","type":"post","link":"https:\/\/blog.espol.edu.ec\/johanna91\/2010\/09\/13\/manglares-churute-reserva-ecologica\/","title":{"rendered":"Manglares Churute - Reserva Ecologica"},"content":{"rendered":"<p><a href=\"http:\/\/blog.espol.edu.ec\/johanna91\/files\/2010\/09\/aiutfu-bg.jpg\"><img loading=\"lazy\" decoding=\"async\" class=\"aligncenter size-full wp-image-306\" title=\"aiutfu-bg\" src=\"http:\/\/blog.espol.edu.ec\/johanna91\/files\/2010\/09\/aiutfu-bg.jpg\" alt=\"\" width=\"526\" height=\"350\" srcset=\"https:\/\/blog.espol.edu.ec\/johanna91\/files\/2010\/09\/aiutfu-bg.jpg 526w, https:\/\/blog.espol.edu.ec\/johanna91\/files\/2010\/09\/aiutfu-bg-300x199.jpg 300w\" sizes=\"auto, (max-width: 526px) 100vw, 526px\" \/><\/a><\/p>\n<p><span style=\"color: #ff00ff\">Fue una ma\u00f1ana muy divertida, donde disfrutamos de una excelente  fauna y un extraordinario ambiente ecologico\u2026<br \/>\nAprendimos muchas cosas y la pasamos muy bien junto a nuestros  compa\u00f1eros. <\/span><\/p>\n<p><span style=\"color: #ff00ff\">Fue una experiencia muy importante y esperamos que se vuelva a  repetir.<\/span><\/p>\n<p><span style=\"color: #ff00ff\"> Estos son algunos datos recolectados:<br \/>\nLos manglares cumplen 30 a\u00f1os como reserva ecol\u00f3gica. En las 60 000  hect\u00e1reas de extensi\u00f3n conviven bosques, una laguna y los \u00e1rboles de  mangle.<\/span><\/p>\n<p><span style=\"color: #ff00ff\"><a href=\"http:\/\/blog.espol.edu.ec\/johanna91\/files\/2010\/09\/ec_chutute.jpg\"><img loading=\"lazy\" decoding=\"async\" class=\"aligncenter size-full wp-image-308\" title=\"ec_chutute\" src=\"http:\/\/blog.espol.edu.ec\/johanna91\/files\/2010\/09\/ec_chutute.jpg\" alt=\"\" width=\"500\" height=\"354\" srcset=\"https:\/\/blog.espol.edu.ec\/johanna91\/files\/2010\/09\/ec_chutute.jpg 500w, https:\/\/blog.espol.edu.ec\/johanna91\/files\/2010\/09\/ec_chutute-300x212.jpg 300w\" sizes=\"auto, (max-width: 500px) 100vw, 500px\" \/><\/a><\/span><\/p>\n<p><span style=\"color: #ff00ff\">Actualmente hay dos senderos definidos. El m\u00e1s popular es la \\\\\u201dRuta de  las Cascadas\\\\\u201d, aproximadamente 10 ca\u00eddas de agua de hasta 15 m. Otro  sendero interesante es el mirador, desde donde hay una excelente vista  del golfo.<\/span><\/p>\n<p><span style=\"color: #ff00ff\"><a href=\"http:\/\/blog.espol.edu.ec\/johanna91\/files\/2010\/09\/IMG00186.jpg\"><img loading=\"lazy\" decoding=\"async\" class=\"aligncenter size-full wp-image-309\" title=\"IMG00186\" src=\"http:\/\/blog.espol.edu.ec\/johanna91\/files\/2010\/09\/IMG00186.jpg\" alt=\"\" width=\"1600\" height=\"1200\" srcset=\"https:\/\/blog.espol.edu.ec\/johanna91\/files\/2010\/09\/IMG00186.jpg 1600w, https:\/\/blog.espol.edu.ec\/johanna91\/files\/2010\/09\/IMG00186-300x225.jpg 300w, https:\/\/blog.espol.edu.ec\/johanna91\/files\/2010\/09\/IMG00186-1024x768.jpg 1024w\" sizes=\"auto, (max-width: 1600px) 100vw, 1600px\" \/><\/a><\/span><\/p>\n<p><span style=\"color: #ff00ff\">Por ultimo Hay que racalcar que La reserva ecol\u00f3gica <strong>\u2018Manglares  Churute\u2019<\/strong> fue creada el 26 de Julio de 1979. Forma parte del <strong>patrimonio  nacional de \u00e1reas naturales<\/strong> protegidas por el estado  Ecuatoriano, as\u00ed como tambi\u00e9n est\u00e1 inscrita en el Convenio Internacional  Ramsar por ser uno de los humedales m\u00e1s importantes para nuestro pa\u00eds.<\/span><\/p>\n<p><span style=\"color: #ff00ff\"><a href=\"http:\/\/blog.espol.edu.ec\/johanna91\/files\/2010\/09\/IMG00248-300x225.jpg\"><br \/>\n<\/a><\/span><\/p>\n<p><span style=\"color: #ff00ff\"><a href=\"http:\/\/blog.espol.edu.ec\/johanna91\/files\/2010\/09\/IMG001691.jpg\"><img loading=\"lazy\" decoding=\"async\" class=\"aligncenter size-full wp-image-312\" title=\"IMG001691\" src=\"http:\/\/blog.espol.edu.ec\/johanna91\/files\/2010\/09\/IMG001691.jpg\" alt=\"\" width=\"1600\" height=\"1200\" srcset=\"https:\/\/blog.espol.edu.ec\/johanna91\/files\/2010\/09\/IMG001691.jpg 1600w, https:\/\/blog.espol.edu.ec\/johanna91\/files\/2010\/09\/IMG001691-300x225.jpg 300w, https:\/\/blog.espol.edu.ec\/johanna91\/files\/2010\/09\/IMG001691-1024x768.jpg 1024w\" sizes=\"auto, (max-width: 1600px) 100vw, 1600px\" \/><\/a><br \/>\n<\/span><\/p>\n<p><span style=\"color: #ff00ff\"><a href=\"http:\/\/blog.espol.edu.ec\/johanna91\/files\/2010\/09\/18160_105498992810246_100000504370479_145254_5638821_n.jpg\"><img loading=\"lazy\" decoding=\"async\" class=\"aligncenter size-full wp-image-313\" title=\"18160_105498992810246_100000504370479_145254_5638821_n\" src=\"http:\/\/blog.espol.edu.ec\/johanna91\/files\/2010\/09\/18160_105498992810246_100000504370479_145254_5638821_n.jpg\" alt=\"\" width=\"604\" height=\"453\" srcset=\"https:\/\/blog.espol.edu.ec\/johanna91\/files\/2010\/09\/18160_105498992810246_100000504370479_145254_5638821_n.jpg 604w, https:\/\/blog.espol.edu.ec\/johanna91\/files\/2010\/09\/18160_105498992810246_100000504370479_145254_5638821_n-300x225.jpg 300w\" sizes=\"auto, (max-width: 604px) 100vw, 604px\" \/><\/a><\/span><\/p>\n<p><span style=\"color: #ff00ff\"><a href=\"http:\/\/blog.espol.edu.ec\/johanna91\/files\/2010\/09\/18160_105499006143578_100000504370479_145258_4584849_n.jpg\"><img loading=\"lazy\" decoding=\"async\" class=\"aligncenter size-full wp-image-314\" title=\"18160_105499006143578_100000504370479_145258_4584849_n\" src=\"http:\/\/blog.espol.edu.ec\/johanna91\/files\/2010\/09\/18160_105499006143578_100000504370479_145258_4584849_n.jpg\" alt=\"\" width=\"604\" height=\"453\" srcset=\"https:\/\/blog.espol.edu.ec\/johanna91\/files\/2010\/09\/18160_105499006143578_100000504370479_145258_4584849_n.jpg 604w, https:\/\/blog.espol.edu.ec\/johanna91\/files\/2010\/09\/18160_105499006143578_100000504370479_145258_4584849_n-300x225.jpg 300w\" sizes=\"auto, (max-width: 604px) 100vw, 604px\" \/><\/a><\/span><\/p>\n<p><span style=\"color: #ff00ff\"><a href=\"http:\/\/blog.espol.edu.ec\/johanna91\/files\/2010\/09\/18160_105499012810244_100000504370479_145260_4400347_n.jpg\"><img loading=\"lazy\" decoding=\"async\" class=\"aligncenter size-full wp-image-315\" title=\"18160_105499012810244_100000504370479_145260_4400347_n\" src=\"http:\/\/blog.espol.edu.ec\/johanna91\/files\/2010\/09\/18160_105499012810244_100000504370479_145260_4400347_n.jpg\" alt=\"\" width=\"604\" height=\"557\" srcset=\"https:\/\/blog.espol.edu.ec\/johanna91\/files\/2010\/09\/18160_105499012810244_100000504370479_145260_4400347_n.jpg 604w, https:\/\/blog.espol.edu.ec\/johanna91\/files\/2010\/09\/18160_105499012810244_100000504370479_145260_4400347_n-300x276.jpg 300w\" sizes=\"auto, (max-width: 604px) 100vw, 604px\" \/><\/a><\/span><\/p>\n<p><span style=\"color: #ff00ff\"><a href=\"http:\/\/blog.espol.edu.ec\/johanna91\/files\/2010\/09\/18160_105499016143577_100000504370479_145261_6599326_n.jpg\"><img loading=\"lazy\" decoding=\"async\" class=\"aligncenter size-full wp-image-316\" title=\"18160_105499016143577_100000504370479_145261_6599326_n\" src=\"http:\/\/blog.espol.edu.ec\/johanna91\/files\/2010\/09\/18160_105499016143577_100000504370479_145261_6599326_n.jpg\" alt=\"\" width=\"595\" height=\"604\" srcset=\"https:\/\/blog.espol.edu.ec\/johanna91\/files\/2010\/09\/18160_105499016143577_100000504370479_145261_6599326_n.jpg 595w, https:\/\/blog.espol.edu.ec\/johanna91\/files\/2010\/09\/18160_105499016143577_100000504370479_145261_6599326_n-295x300.jpg 295w\" sizes=\"auto, (max-width: 595px) 100vw, 595px\" \/><\/a><br \/>\n<\/span><\/p>\n","protected":false},"excerpt":{"rendered":"<p>Fue una ma\u00f1ana muy divertida, donde disfrutamos de una excelente fauna y un extraordinario ambiente ecologico\u2026 Aprendimos muchas cosas y la pasamos muy bien junto a nuestros compa\u00f1eros. Fue una experiencia muy importante y esperamos que se vuelva a repetir. Estos son algunos datos recolectados: Los manglares cumplen 30 a\u00f1os como reserva ecol\u00f3gica. En las [&hellip;]<\/p>\n","protected":false},"author":2220,"featured_media":0,"comment_status":"open","ping_status":"open","sticky":false,"template":"","format":"standard","meta":{"footnotes":""},"categories":[15383],"tags":[],"class_list":["post-305","post","type-post","status-publish","format-standard","hentry","category-reserva-ecologica"],"_links":{"self":[{"href":"https:\/\/blog.espol.edu.ec\/johanna91\/wp-json\/wp\/v2\/posts\/305","targetHints":{"allow":["GET"]}}],"collection":[{"href":"https:\/\/blog.espol.edu.ec\/johanna91\/wp-json\/wp\/v2\/posts"}],"about":[{"href":"https:\/\/blog.espol.edu.ec\/johanna91\/wp-json\/wp\/v2\/types\/post"}],"author":[{"embeddable":true,"href":"https:\/\/blog.espol.edu.ec\/johanna91\/wp-json\/wp\/v2\/users\/2220"}],"replies":[{"embeddable":true,"href":"https:\/\/blog.espol.edu.ec\/johanna91\/wp-json\/wp\/v2\/comments?post=305"}],"version-history":[{"count":4,"href":"https:\/\/blog.espol.edu.ec\/johanna91\/wp-json\/wp\/v2\/posts\/305\/revisions"}],"predecessor-version":[{"id":326,"href":"https:\/\/blog.espol.edu.ec\/johanna91\/wp-json\/wp\/v2\/posts\/305\/revisions\/326"}],"wp:attachment":[{"href":"https:\/\/blog.espol.edu.ec\/johanna91\/wp-json\/wp\/v2\/media?parent=305"}],"wp:term":[{"taxonomy":"category","embeddable":true,"href":"https:\/\/blog.espol.edu.ec\/johanna91\/wp-json\/wp\/v2\/categories?post=305"},{"taxonomy":"post_tag","embeddable":true,"href":"https:\/\/blog.espol.edu.ec\/johanna91\/wp-json\/wp\/v2\/tags?post=305"}],"curies":[{"name":"wp","href":"https:\/\/api.w.org\/{rel}","templated":true}]}}