{"id":62,"date":"2016-10-24T17:58:22","date_gmt":"2016-10-24T17:58:22","guid":{"rendered":"http:\/\/blog.espol.edu.ec\/johannacoronado\/?p=62"},"modified":"2016-10-24T17:58:22","modified_gmt":"2016-10-24T17:58:22","slug":"moda-de-los-anos-70","status":"publish","type":"post","link":"https:\/\/blog.espol.edu.ec\/johannacoronado\/2016\/10\/24\/moda-de-los-anos-70\/","title":{"rendered":"Moda de los a\u00f1os 70"},"content":{"rendered":"<p>La moda de los a\u00f1os 70 fue reconocida por sus colores llamativas, los <a href=\"http:\/\/historiaybiografias.com\/el_mundo07c\/\">hippies <\/a>tuvieron una gran influencia durante el comienzo de esta \u00e9poca, durante esta se introdujo el estilo disco el cual tuvo una gran influencia y acogida gracias a la pel\u00edcula <a href=\"http:\/\/www.cartelmovies.net\/fiebre-del-sabado-noche-1977\/\">Fiebre de s\u00e1bado<\/a> por la noche, lo que caracteriz\u00f3 a este estilo\u00a0fueron las telas met\u00e1licas y colores llamativos \u00a0para lucir brillantes en las discotecas.<\/p>\n<p><img loading=\"lazy\" decoding=\"async\" class=\"aligncenter size-medium wp-image-65\" src=\"http:\/\/blog.espol.edu.ec\/johannacoronado\/files\/2016\/10\/vestido-plateado-estilo-disco-para-mujer-146x300.jpg\" alt=\"vestido-plateado-estilo-disco-para-mujer\" width=\"146\" height=\"300\" srcset=\"https:\/\/blog.espol.edu.ec\/johannacoronado\/files\/2016\/10\/vestido-plateado-estilo-disco-para-mujer-146x300.jpg 146w, https:\/\/blog.espol.edu.ec\/johannacoronado\/files\/2016\/10\/vestido-plateado-estilo-disco-para-mujer-498x1024.jpg 498w, https:\/\/blog.espol.edu.ec\/johannacoronado\/files\/2016\/10\/vestido-plateado-estilo-disco-para-mujer.jpg 574w\" sizes=\"auto, (max-width: 146px) 100vw, 146px\" \/><\/p>\n<p>&nbsp;<\/p>\n","protected":false},"excerpt":{"rendered":"<p>La moda de los a\u00f1os 70 fue reconocida por sus colores llamativas, los hippies tuvieron una gran influencia durante el comienzo de esta \u00e9poca, durante esta se introdujo el estilo disco el cual tuvo una gran influencia y acogida gracias a la pel\u00edcula Fiebre de s\u00e1bado por la noche, lo que caracteriz\u00f3 a este estilo\u00a0fueron [&hellip;]<\/p>\n","protected":false},"author":10561,"featured_media":0,"comment_status":"open","ping_status":"open","sticky":false,"template":"","format":"standard","meta":{"footnotes":""},"categories":[818],"tags":[],"class_list":["post-62","post","type-post","status-publish","format-standard","hentry","category-sin-categoria"],"_links":{"self":[{"href":"https:\/\/blog.espol.edu.ec\/johannacoronado\/wp-json\/wp\/v2\/posts\/62","targetHints":{"allow":["GET"]}}],"collection":[{"href":"https:\/\/blog.espol.edu.ec\/johannacoronado\/wp-json\/wp\/v2\/posts"}],"about":[{"href":"https:\/\/blog.espol.edu.ec\/johannacoronado\/wp-json\/wp\/v2\/types\/post"}],"author":[{"embeddable":true,"href":"https:\/\/blog.espol.edu.ec\/johannacoronado\/wp-json\/wp\/v2\/users\/10561"}],"replies":[{"embeddable":true,"href":"https:\/\/blog.espol.edu.ec\/johannacoronado\/wp-json\/wp\/v2\/comments?post=62"}],"version-history":[{"count":1,"href":"https:\/\/blog.espol.edu.ec\/johannacoronado\/wp-json\/wp\/v2\/posts\/62\/revisions"}],"predecessor-version":[{"id":66,"href":"https:\/\/blog.espol.edu.ec\/johannacoronado\/wp-json\/wp\/v2\/posts\/62\/revisions\/66"}],"wp:attachment":[{"href":"https:\/\/blog.espol.edu.ec\/johannacoronado\/wp-json\/wp\/v2\/media?parent=62"}],"wp:term":[{"taxonomy":"category","embeddable":true,"href":"https:\/\/blog.espol.edu.ec\/johannacoronado\/wp-json\/wp\/v2\/categories?post=62"},{"taxonomy":"post_tag","embeddable":true,"href":"https:\/\/blog.espol.edu.ec\/johannacoronado\/wp-json\/wp\/v2\/tags?post=62"}],"curies":[{"name":"wp","href":"https:\/\/api.w.org\/{rel}","templated":true}]}}