{"id":461,"date":"2011-03-05T15:58:00","date_gmt":"2011-03-05T20:58:00","guid":{"rendered":"http:\/\/blog.espol.edu.ec\/johineira\/?p=461"},"modified":"2011-03-07T12:00:02","modified_gmt":"2011-03-07T17:00:02","slug":"noti_farandula","status":"publish","type":"post","link":"https:\/\/blog.espol.edu.ec\/johineira\/2011\/03\/05\/noti_farandula\/","title":{"rendered":"Noti_Farandula"},"content":{"rendered":"<p style=\"text-align: center\"><a href=\"http:\/\/blog.espol.edu.ec\/johineira\/files\/2011\/03\/anahi.jpg\"><img loading=\"lazy\" decoding=\"async\" class=\"aligncenter size-full wp-image-462\" title=\"anahi\" src=\"http:\/\/blog.espol.edu.ec\/johineira\/files\/2011\/03\/anahi.jpg\" alt=\"\" width=\"230\" height=\"178\" srcset=\"https:\/\/blog.espol.edu.ec\/johineira\/files\/2011\/03\/anahi.jpg 412w, https:\/\/blog.espol.edu.ec\/johineira\/files\/2011\/03\/anahi-300x232.jpg 300w\" sizes=\"auto, (max-width: 230px) 100vw, 230px\" \/><\/a><\/p>\n<p>Wou al parecer tenemos noticias acerca de la Mexicana Anahi, ya despues de un buen tiempo fuera de la Tv como protagonista viene totalmente recargada...<\/p>\n<p>Regresar\u00e1 al mundo de las telenovelas protagonizando un melodrama producido por Emilio Larrosa y teniendo como gal\u00e1n a Carlos Ponce...<\/p>\n<p>Su participaci\u00f3n en el serial no pondr\u00e1 en peligro su futuro en la m\u00fasica, ya que aclar\u00f3 que no piensa renunciar a ella sino que por el contrario compartir\u00e1 su faceta de actriz con la de cantante...<\/p>\n<p>INTERESANTE (Esperemos que le super bien) =)<\/p>\n<p style=\"text-align: center\"><a href=\"http:\/\/blog.espol.edu.ec\/johineira\/files\/2011\/03\/ricky-martin-picture-2.jpg\"><img loading=\"lazy\" decoding=\"async\" class=\"aligncenter size-full wp-image-467\" title=\"ricky-martin-picture-2\" src=\"http:\/\/blog.espol.edu.ec\/johineira\/files\/2011\/03\/ricky-martin-picture-2.jpg\" alt=\"\" width=\"210\" height=\"274\" srcset=\"https:\/\/blog.espol.edu.ec\/johineira\/files\/2011\/03\/ricky-martin-picture-2.jpg 376w, https:\/\/blog.espol.edu.ec\/johineira\/files\/2011\/03\/ricky-martin-picture-2-230x300.jpg 230w\" sizes=\"auto, (max-width: 210px) 100vw, 210px\" \/><\/a><\/p>\n<p>Nos vamos con Ricky Martin... quien por tercera semana consecutiva logra mantenerse como el n\u00famero uno en algunas listas de musica con \"\u00a0<em>Lo mejor de mi vida eres t\u00fa \"<\/em>, primer sencillo de su m\u00e1s reciente \u00e1lbum\u00a0<strong>M\u00fasica + Alma + Sexo<\/strong>...<\/p>\n<p>Aqui les dejo el video de su musica.. Super buena x cierto y nos da un mensaje de vida importante..<\/p>\n<p><a href=\"http:\/\/www.youtube.com\/watch?v=p9_Tudgl8KE\">Lo mejor de mi vida eres tu<\/a> &lt;--------- ( Dale tu Clic )<\/p>\n<p style=\"text-align: center\"><a href=\"http:\/\/blog.espol.edu.ec\/johineira\/files\/2011\/03\/belanova5.jpg\"><img loading=\"lazy\" decoding=\"async\" class=\"aligncenter size-medium wp-image-470\" title=\"belanova5\" src=\"http:\/\/blog.espol.edu.ec\/johineira\/files\/2011\/03\/belanova5-300x200.jpg\" alt=\"\" width=\"240\" height=\"160\" srcset=\"https:\/\/blog.espol.edu.ec\/johineira\/files\/2011\/03\/belanova5-300x200.jpg 300w, https:\/\/blog.espol.edu.ec\/johineira\/files\/2011\/03\/belanova5.jpg 432w\" sizes=\"auto, (max-width: 240px) 100vw, 240px\" \/><\/a><\/p>\n<p>El tr\u00edo electro pop Belanova llegar\u00e1 a Colombia este pr\u00f3ximo 12 de marzo, promocionando su cuarto album <strong>Sue\u00f1o Electro I.. <\/strong>jujuju<\/p>\n<p><strong>Sue\u00f1o Electro I<\/strong> fue concebido en un estudio al norte de la Ciudad de M\u00e9xico durante la primavera de 2010 con intensas jornadas de trabajo.\u00a0Continuando con el sonido electro pop que los ha caracterizado a lo largo de diez a\u00f1os de trayectoria... Tienen que oir su disco<\/p>\n<p>Ya sabes queridos lectores NO A LA PIRATERIA.. =)<\/p>\n<p style=\"text-align: center\"><a href=\"http:\/\/blog.espol.edu.ec\/johineira\/files\/2011\/03\/shakira.jpg\"><img loading=\"lazy\" decoding=\"async\" class=\"aligncenter size-medium wp-image-471\" title=\"shakira\" src=\"http:\/\/blog.espol.edu.ec\/johineira\/files\/2011\/03\/shakira-300x226.jpg\" alt=\"\" width=\"240\" height=\"181\" srcset=\"https:\/\/blog.espol.edu.ec\/johineira\/files\/2011\/03\/shakira-300x226.jpg 300w, https:\/\/blog.espol.edu.ec\/johineira\/files\/2011\/03\/shakira.jpg 410w\" sizes=\"auto, (max-width: 240px) 100vw, 240px\" \/><\/a><\/p>\n<p>Shakira inicia su recorrido x Latinoamerica que excelente noticia para sus fans, el inicio del tour de Shakira en Argentina tiene lugar pocos d\u00edas despu\u00e9s de que circularan las primeras fotos con su nueva pareja, el futbolista espa\u00f1ol Gerard Piqu\u00e9, tras una relaci\u00f3n de m\u00e1s de diez a\u00f1os con de la R\u00faa...<\/p>\n<p>La cantante asegur\u00f3 en una reciente entrevista que su amistad con de la R\u00faa \"es s\u00f3lida como una roca siempre va a ser as\u00ed y siempre voy a ir de su mano, pero como compa\u00f1era de trabajo y como amiga\", revel\u00f3.<\/p>\n<p style=\"text-align: center\"><a href=\"http:\/\/blog.espol.edu.ec\/johineira\/files\/2011\/03\/MarioDomm.jpg\"><img loading=\"lazy\" decoding=\"async\" class=\"aligncenter size-medium wp-image-472\" title=\"MarioDomm\" src=\"http:\/\/blog.espol.edu.ec\/johineira\/files\/2011\/03\/MarioDomm-199x300.jpg\" alt=\"\" width=\"159\" height=\"240\" srcset=\"https:\/\/blog.espol.edu.ec\/johineira\/files\/2011\/03\/MarioDomm-199x300.jpg 199w, https:\/\/blog.espol.edu.ec\/johineira\/files\/2011\/03\/MarioDomm.jpg 350w\" sizes=\"auto, (max-width: 159px) 100vw, 159px\" \/><\/a><\/p>\n<p><strong>Mario Domm como solista???<\/strong><\/p>\n<p>El mismo cantautor desminti\u00f3 dichos rumores y la posibilidad de lanzarse como solista en una entrevista.<\/p>\n<p>\"No, yo estoy muy contento con Samo y Pablo me siento muy completo, no pasa por mi cabeza ser solista ni en el futuro, no es mi plan ser solista\"<\/p>\n<p>Gira por Europa, gran oportunidad para que el grupo conozca lugares que un estan pendiente =)<\/p>\n<p>Asi que chicos que aman a camila , no se asusten xq tenemos pa de largo este grupo increible..<\/p>\n<p style=\"text-align: center\"><a href=\"http:\/\/blog.espol.edu.ec\/johineira\/files\/2011\/03\/beyonce.jpg\"><img loading=\"lazy\" decoding=\"async\" class=\"aligncenter size-medium wp-image-473\" title=\"beyonce\" src=\"http:\/\/blog.espol.edu.ec\/johineira\/files\/2011\/03\/beyonce-225x300.jpg\" alt=\"\" width=\"158\" height=\"210\" srcset=\"https:\/\/blog.espol.edu.ec\/johineira\/files\/2011\/03\/beyonce-225x300.jpg 225w, https:\/\/blog.espol.edu.ec\/johineira\/files\/2011\/03\/beyonce.jpg 300w\" sizes=\"auto, (max-width: 158px) 100vw, 158px\" \/><\/a><strong> <\/strong><\/p>\n<p><strong>Secretos de Seduccion<\/strong> nos revela esta diva de la musica ( Veamos )<\/p>\n<p>\"La clave para ser sexy es tener seguridad en una misma, pues ya no vale solo con ser guapa\", declar\u00f3 la int\u00e9rprete de\u00a0<em>Si yo fuera un chico<\/em>.<\/p>\n<p>\"Lo m\u00e1s atrayente que una mujer puede tener es confianza en s\u00ed misma. Puedes ser guapa, pero si no eres segura, no parecer\u00e1s sexy\", a\u00f1adi\u00f3 la artista.<\/p>\n<p>Aunque hay que aclarar que tambien revelo sus defectos como toda persona..<\/p>\n<p style=\"text-align: center\"><a href=\"http:\/\/blog.espol.edu.ec\/johineira\/files\/2011\/03\/justin-bieber-selena.jpg\"><img loading=\"lazy\" decoding=\"async\" class=\"aligncenter size-medium wp-image-474\" title=\"U088141_007\" src=\"http:\/\/blog.espol.edu.ec\/johineira\/files\/2011\/03\/justin-bieber-selena-226x300.jpg\" alt=\"\" width=\"158\" height=\"210\" srcset=\"https:\/\/blog.espol.edu.ec\/johineira\/files\/2011\/03\/justin-bieber-selena-226x300.jpg 226w, https:\/\/blog.espol.edu.ec\/johineira\/files\/2011\/03\/justin-bieber-selena.jpg 480w\" sizes=\"auto, (max-width: 158px) 100vw, 158px\" \/><\/a><\/p>\n<p>Justin y Selena comparten suite?? jejeje segun una fuente de diario nos conto lo siguiente:<\/p>\n<p>Justin Bieber y Selena G\u00f3mez pasaron una experiencia de amor en una suite que cuesta 6,000 d\u00f3lares la noche. De acuerdo con la fuente, la pareja se di\u00f3 una escapada rom\u00e1ntica al Hotel St. Regis Monarch Beach en Dana Point, California.<\/p>\n<p><a href=\"http:\/\/blog.espol.edu.ec\/johineira\/files\/2011\/03\/justin-bieber-selena-gomez-kissing-fake-picture1.jpg\"><img loading=\"lazy\" decoding=\"async\" class=\"aligncenter size-thumbnail wp-image-475\" title=\"justin-bieber-selena-gomez-kissing-fake-picture1\" src=\"http:\/\/blog.espol.edu.ec\/johineira\/files\/2011\/03\/justin-bieber-selena-gomez-kissing-fake-picture1-150x150.jpg\" alt=\"\" width=\"150\" height=\"150\" \/><\/a><\/p>\n<p>Al parecer querian estar completamente solos con cena romantica y todo en donde fueron vistos besandose (No se escapan de los reporteros) Aunque hace poco la cantante y actriz Selena Gomez comunico que solo mantiene una\u00a0relaci\u00f3n\u00a0de amistad con Justin<\/p>\n<p style=\"text-align: center\"><a href=\"http:\/\/blog.espol.edu.ec\/johineira\/files\/2011\/03\/sandovalap.jpg\"><img loading=\"lazy\" decoding=\"async\" class=\"aligncenter size-medium wp-image-479\" title=\"sandovalap\" src=\"http:\/\/blog.espol.edu.ec\/johineira\/files\/2011\/03\/sandovalap-300x200.jpg\" alt=\"\" width=\"240\" height=\"160\" srcset=\"https:\/\/blog.espol.edu.ec\/johineira\/files\/2011\/03\/sandovalap-300x200.jpg 300w, https:\/\/blog.espol.edu.ec\/johineira\/files\/2011\/03\/sandovalap.jpg 620w\" sizes=\"auto, (max-width: 240px) 100vw, 240px\" \/><\/a><\/p>\n<p style=\"text-align: left\">\n<p style=\"text-align: left\"><em>Zona preferente<\/em> de iTunes.. El grupo Sandoval sigue teniendo exitos con el lanzamiento de su nuevo material titulado ZONA PREFERENTE.<\/p>\n<p style=\"text-align: left\">Este album capturar la energ\u00eda del grupo en vivo, pues contiene un concierto grabado, en el cual interpreta sus mejores \u00e9xitos, incluso los que triunfaron cuando Mario Sandoval a\u00fan pertenec\u00eda a Lu...<\/p>\n<p style=\"text-align: left\">Bien x los chicos, se lo merecen =)<\/p>\n","protected":false},"excerpt":{"rendered":"<p>Wou al parecer tenemos noticias acerca de la Mexicana Anahi, ya despues de un buen tiempo fuera de la Tv como protagonista viene totalmente recargada... Regresar\u00e1 al mundo de las telenovelas protagonizando un melodrama producido por Emilio Larrosa y teniendo como gal\u00e1n a Carlos Ponce... Su participaci\u00f3n en el serial no pondr\u00e1 en peligro su [&hellip;]<\/p>\n","protected":false},"author":2214,"featured_media":0,"comment_status":"open","ping_status":"open","sticky":false,"template":"","format":"standard","meta":{"footnotes":""},"categories":[31591],"tags":[],"class_list":["post-461","post","type-post","status-publish","format-standard","hentry","category-noti_farandula"],"_links":{"self":[{"href":"https:\/\/blog.espol.edu.ec\/johineira\/wp-json\/wp\/v2\/posts\/461","targetHints":{"allow":["GET"]}}],"collection":[{"href":"https:\/\/blog.espol.edu.ec\/johineira\/wp-json\/wp\/v2\/posts"}],"about":[{"href":"https:\/\/blog.espol.edu.ec\/johineira\/wp-json\/wp\/v2\/types\/post"}],"author":[{"embeddable":true,"href":"https:\/\/blog.espol.edu.ec\/johineira\/wp-json\/wp\/v2\/users\/2214"}],"replies":[{"embeddable":true,"href":"https:\/\/blog.espol.edu.ec\/johineira\/wp-json\/wp\/v2\/comments?post=461"}],"version-history":[{"count":10,"href":"https:\/\/blog.espol.edu.ec\/johineira\/wp-json\/wp\/v2\/posts\/461\/revisions"}],"predecessor-version":[{"id":465,"href":"https:\/\/blog.espol.edu.ec\/johineira\/wp-json\/wp\/v2\/posts\/461\/revisions\/465"}],"wp:attachment":[{"href":"https:\/\/blog.espol.edu.ec\/johineira\/wp-json\/wp\/v2\/media?parent=461"}],"wp:term":[{"taxonomy":"category","embeddable":true,"href":"https:\/\/blog.espol.edu.ec\/johineira\/wp-json\/wp\/v2\/categories?post=461"},{"taxonomy":"post_tag","embeddable":true,"href":"https:\/\/blog.espol.edu.ec\/johineira\/wp-json\/wp\/v2\/tags?post=461"}],"curies":[{"name":"wp","href":"https:\/\/api.w.org\/{rel}","templated":true}]}}