{"id":38,"date":"2013-06-15T22:38:00","date_gmt":"2013-06-15T22:38:00","guid":{"rendered":"http:\/\/blog.espol.edu.ec\/johnvilla\/?p=38"},"modified":"2013-06-15T22:38:00","modified_gmt":"2013-06-15T22:38:00","slug":"condensadores-electricos","status":"publish","type":"post","link":"https:\/\/blog.espol.edu.ec\/johnvilla\/2013\/06\/15\/condensadores-electricos\/","title":{"rendered":"Condensadores Electricos"},"content":{"rendered":"<p><strong>Un\u00a0condensador\u00a0(en \u00a0ingles,\u00a0capacitor,<span style=\"font-size: 11px\">\u00a0<\/span>\u00a0nombre por el cual se le conoce frecuentemente en el \u00e1mbito de la \u00a0electronica\u00a0y otras ramas de la \u00a0f\u00edsica aplicada), es un dispositivo \u00a0pasivo, utilizado en \u00a0electricidad\u00a0y \u00a0electronica, capaz de almacenar \u00a0energ\u00eda\u00a0sustentando un \u00a0campo electrico. Est\u00e1 formado por un par de superficies \u00a0conductoras, generalmente en forma de l\u00e1minas o<em>placas<\/em>, en situaci\u00f3n de \u00a0influencia \u00a0total\u00a0(esto es, que todas las \u00a0lineas de campo\u00a0\u00a0el\u00e9ctrico que parten de una van a parar a la otra) separadas por un material \u00a0diel\u00e9ctrico\u00a0o por el \u00a0vac\u00edo. Las placas, sometidas a una \u00a0diferencial potencial, adquieren una determinada \u00a0carga electrica, positiva en una de ellas y negativa en la otra, siendo nula la variaci\u00f3n de carga total.<\/strong><\/p>\n<p><strong>Aunque desde el punto de vista f\u00edsico un condensador no almacena carga ni \u00a0corriente el\u00e9ctrica, sino simplemente energ\u00eda mec\u00e1nica\u00a0latente; al ser introducido en un circuito\u00a0se comporta en la pr\u00e1ctica como un elemento \"capaz\" de almacenar la \u00a0energ\u00eda electrica\u00a0que recibe durante el periodo de carga, la misma energ\u00eda que cede despu\u00e9s durante el periodo de descarga.<\/strong><\/p>\n<p><img loading=\"lazy\" decoding=\"async\" class=\"aligncenter\" style=\"margin-top: 0px\" src=\"http:\/\/img.alibaba.com\/photo\/582626606\/capacitor_15000uf_80v.jpg\" alt=\"\" width=\"524\" height=\"393\" \/><\/p>\n","protected":false},"excerpt":{"rendered":"<p>Un\u00a0condensador\u00a0(en \u00a0ingles,\u00a0capacitor,\u00a0\u00a0nombre por el cual se le conoce frecuentemente en el \u00e1mbito de la \u00a0electronica\u00a0y otras ramas de la \u00a0f\u00edsica aplicada), es un dispositivo \u00a0pasivo, utilizado en \u00a0electricidad\u00a0y \u00a0electronica, capaz de almacenar \u00a0energ\u00eda\u00a0sustentando un \u00a0campo electrico. Est\u00e1 formado por un par de superficies \u00a0conductoras, generalmente en forma de l\u00e1minas oplacas, en situaci\u00f3n de \u00a0influencia \u00a0total\u00a0(esto [&hellip;]<\/p>\n","protected":false},"author":8656,"featured_media":0,"comment_status":"open","ping_status":"open","sticky":false,"template":"","format":"standard","meta":{"footnotes":""},"categories":[10245],"tags":[],"class_list":["post-38","post","type-post","status-publish","format-standard","hentry","category-elementos-electronicos"],"_links":{"self":[{"href":"https:\/\/blog.espol.edu.ec\/johnvilla\/wp-json\/wp\/v2\/posts\/38","targetHints":{"allow":["GET"]}}],"collection":[{"href":"https:\/\/blog.espol.edu.ec\/johnvilla\/wp-json\/wp\/v2\/posts"}],"about":[{"href":"https:\/\/blog.espol.edu.ec\/johnvilla\/wp-json\/wp\/v2\/types\/post"}],"author":[{"embeddable":true,"href":"https:\/\/blog.espol.edu.ec\/johnvilla\/wp-json\/wp\/v2\/users\/8656"}],"replies":[{"embeddable":true,"href":"https:\/\/blog.espol.edu.ec\/johnvilla\/wp-json\/wp\/v2\/comments?post=38"}],"version-history":[{"count":1,"href":"https:\/\/blog.espol.edu.ec\/johnvilla\/wp-json\/wp\/v2\/posts\/38\/revisions"}],"predecessor-version":[{"id":39,"href":"https:\/\/blog.espol.edu.ec\/johnvilla\/wp-json\/wp\/v2\/posts\/38\/revisions\/39"}],"wp:attachment":[{"href":"https:\/\/blog.espol.edu.ec\/johnvilla\/wp-json\/wp\/v2\/media?parent=38"}],"wp:term":[{"taxonomy":"category","embeddable":true,"href":"https:\/\/blog.espol.edu.ec\/johnvilla\/wp-json\/wp\/v2\/categories?post=38"},{"taxonomy":"post_tag","embeddable":true,"href":"https:\/\/blog.espol.edu.ec\/johnvilla\/wp-json\/wp\/v2\/tags?post=38"}],"curies":[{"name":"wp","href":"https:\/\/api.w.org\/{rel}","templated":true}]}}