{"id":96,"date":"2016-06-02T11:29:51","date_gmt":"2016-06-02T11:29:51","guid":{"rendered":"http:\/\/blog.espol.edu.ec\/jonajime\/?p=96"},"modified":"2016-06-02T11:29:51","modified_gmt":"2016-06-02T11:29:51","slug":"mercedes-benz-c63-amg-state-familiar-con-look-deportivo","status":"publish","type":"post","link":"https:\/\/blog.espol.edu.ec\/jonajime\/2016\/06\/02\/mercedes-benz-c63-amg-state-familiar-con-look-deportivo\/","title":{"rendered":"Mercedes Benz C63 AMG State: Familiar con Look Deportivo"},"content":{"rendered":"<h4><strong>La divisi\u00f3n de veh\u00edculos deportivos de Mercedes, AMG, acaba de poner a la venta dos nuevas versiones del Clase C y ultima su C 450.<\/strong><\/h4>\n<p><!--more--><\/p>\n<p style=\"text-align: justify\"><strong>AMG, la divisi\u00f3n deportiva de Mercedes, acaba de poner tres nuevas versiones de la Clase C a la venta. Hablamos del C 63, un veh\u00edculo con motor biturbo y tracci\u00f3n trasera que a partir de ahora ser\u00e1 el m\u00e1s potente de la gama. Lo ser\u00e1 gracias a sus 476 caballos de potencia, que se ver\u00e1n potenciados en la versi\u00f3n S con una cifra de 510 caballos debido a un motor optimizado.<\/strong><\/p>\n<p style=\"text-align: justify\"><img loading=\"lazy\" decoding=\"async\" class=\"size-medium wp-image-99 aligncenter\" src=\"http:\/\/blog.espol.edu.ec\/jonajime\/files\/2016\/06\/979-300x225.jpg\" alt=\"979\" width=\"300\" height=\"225\" srcset=\"https:\/\/blog.espol.edu.ec\/jonajime\/files\/2016\/06\/979-300x225.jpg 300w, https:\/\/blog.espol.edu.ec\/jonajime\/files\/2016\/06\/979-768x576.jpg 768w, https:\/\/blog.espol.edu.ec\/jonajime\/files\/2016\/06\/979-1024x768.jpg 1024w, https:\/\/blog.espol.edu.ec\/jonajime\/files\/2016\/06\/979.jpg 1280w\" sizes=\"auto, (max-width: 300px) 100vw, 300px\" \/><\/p>\n<p style=\"text-align: justify\"><strong>A pesar de la gran potencia desplegada por estos coches, un buen estudio de la combusti\u00f3n de los mismos ofrece cifras realmente sorprendentes: 8,2 litros cada 100 kil\u00f3metros recorridos sobre la normativa europea. En ambos veh\u00edculos la transmisi\u00f3n es autom\u00e1tica secuencial con levas en el volante y siete marchas. Mientras tanto, en el apartado de los frenos encontramos unos discos cer\u00e1micos exclusivos reforzados con fibra de carbono que ofrecen un alto rendimiento y una rebaja del 50% de peso respecto a los convencionales.<\/strong><\/p>\n<p style=\"text-align: justify\"><img loading=\"lazy\" decoding=\"async\" class=\"size-medium wp-image-97 alignright\" src=\"http:\/\/blog.espol.edu.ec\/jonajime\/files\/2016\/06\/2F4-300x225.jpg\" alt=\"2F4\" width=\"300\" height=\"225\" srcset=\"https:\/\/blog.espol.edu.ec\/jonajime\/files\/2016\/06\/2F4-300x225.jpg 300w, https:\/\/blog.espol.edu.ec\/jonajime\/files\/2016\/06\/2F4-768x576.jpg 768w, https:\/\/blog.espol.edu.ec\/jonajime\/files\/2016\/06\/2F4-1024x768.jpg 1024w, https:\/\/blog.espol.edu.ec\/jonajime\/files\/2016\/06\/2F4.jpg 1280w\" sizes=\"auto, (max-width: 300px) 100vw, 300px\" \/><img loading=\"lazy\" decoding=\"async\" class=\"alignnone size-medium wp-image-98\" src=\"http:\/\/blog.espol.edu.ec\/jonajime\/files\/2016\/06\/838-300x225.jpg\" alt=\"838\" width=\"300\" height=\"225\" srcset=\"https:\/\/blog.espol.edu.ec\/jonajime\/files\/2016\/06\/838-300x225.jpg 300w, https:\/\/blog.espol.edu.ec\/jonajime\/files\/2016\/06\/838-768x576.jpg 768w, https:\/\/blog.espol.edu.ec\/jonajime\/files\/2016\/06\/838-1024x768.jpg 1024w, https:\/\/blog.espol.edu.ec\/jonajime\/files\/2016\/06\/838.jpg 1280w\" sizes=\"auto, (max-width: 300px) 100vw, 300px\" \/><\/p>\n","protected":false},"excerpt":{"rendered":"<p>La divisi\u00f3n de veh\u00edculos deportivos de Mercedes, AMG, acaba de poner a la venta dos nuevas versiones del Clase C y ultima su C 450.<\/p>\n","protected":false},"author":10381,"featured_media":100,"comment_status":"open","ping_status":"open","sticky":false,"template":"","format":"standard","meta":{"footnotes":""},"categories":[1342626],"tags":[38255],"class_list":["post-96","post","type-post","status-publish","format-standard","has-post-thumbnail","hentry","category-deportivo-utilitario","tag-mercedes-benz"],"_links":{"self":[{"href":"https:\/\/blog.espol.edu.ec\/jonajime\/wp-json\/wp\/v2\/posts\/96","targetHints":{"allow":["GET"]}}],"collection":[{"href":"https:\/\/blog.espol.edu.ec\/jonajime\/wp-json\/wp\/v2\/posts"}],"about":[{"href":"https:\/\/blog.espol.edu.ec\/jonajime\/wp-json\/wp\/v2\/types\/post"}],"author":[{"embeddable":true,"href":"https:\/\/blog.espol.edu.ec\/jonajime\/wp-json\/wp\/v2\/users\/10381"}],"replies":[{"embeddable":true,"href":"https:\/\/blog.espol.edu.ec\/jonajime\/wp-json\/wp\/v2\/comments?post=96"}],"version-history":[{"count":1,"href":"https:\/\/blog.espol.edu.ec\/jonajime\/wp-json\/wp\/v2\/posts\/96\/revisions"}],"predecessor-version":[{"id":101,"href":"https:\/\/blog.espol.edu.ec\/jonajime\/wp-json\/wp\/v2\/posts\/96\/revisions\/101"}],"wp:featuredmedia":[{"embeddable":true,"href":"https:\/\/blog.espol.edu.ec\/jonajime\/wp-json\/wp\/v2\/media\/100"}],"wp:attachment":[{"href":"https:\/\/blog.espol.edu.ec\/jonajime\/wp-json\/wp\/v2\/media?parent=96"}],"wp:term":[{"taxonomy":"category","embeddable":true,"href":"https:\/\/blog.espol.edu.ec\/jonajime\/wp-json\/wp\/v2\/categories?post=96"},{"taxonomy":"post_tag","embeddable":true,"href":"https:\/\/blog.espol.edu.ec\/jonajime\/wp-json\/wp\/v2\/tags?post=96"}],"curies":[{"name":"wp","href":"https:\/\/api.w.org\/{rel}","templated":true}]}}