{"id":114,"date":"2010-08-20T21:42:00","date_gmt":"2010-08-20T21:42:00","guid":{"rendered":"http:\/\/blog.espol.edu.ec\/joselin8\/?p=114"},"modified":"2010-08-20T21:42:00","modified_gmt":"2010-08-20T21:42:00","slug":"cuando-existo-el-amor","status":"publish","type":"post","link":"https:\/\/blog.espol.edu.ec\/joselin8\/2010\/08\/20\/cuando-existo-el-amor\/","title":{"rendered":"Cuando exist\u00f3 el amor"},"content":{"rendered":"<p>Tratar\u00e9 de recordar como es el amor,<\/p>\n<p>ya<a href=\"http:\/\/blog.espol.edu.ec\/joselin8\/files\/2010\/08\/des.jpg\"><img loading=\"lazy\" decoding=\"async\" class=\"alignright size-full wp-image-115\" title=\"CB036879\" src=\"http:\/\/blog.espol.edu.ec\/joselin8\/files\/2010\/08\/des.jpg\" alt=\"\" width=\"200\" height=\"194\" \/><\/a> que en mi alma se ha esfumado,<\/p>\n<p>Por que? me lo he preguntado<\/p>\n<p>y la contestaci\u00f3n es sencilla por que<\/p>\n<p>t\u00fa te fuiste sin decir adi\u00f3s, por que te llevaste<\/p>\n<p>la \u00fanica huella que me hacia vivir \u00a1tu amor!<\/p>\n<p>y no te lo reprocho por que nuestro tiempo<\/p>\n<p>termin\u00f3, pero mi alma, mi cuerpo, mis pensamientos<\/p>\n<p>mis sentimientos extra\u00f1an todo de ti,<\/p>\n<p>extra\u00f1an los d\u00edas que pasabamos juntos<\/p>\n<p>extra\u00f1an los suspiros, los te amo, los eternos<\/p>\n<p>sue\u00f1os, extra\u00f1a tu amor.<\/p>\n<p>Ahora estoy vac\u00eda.... viviendo por vivir, lo \u00fanico<\/p>\n<p>que me queda de ti, son mis recuerdos los<\/p>\n<p>cuales me hacen volver a estar contigo cuando<\/p>\n<p>yo quiero y en donde quiero, sera lo que jam\u00e1s<\/p>\n<p>nadie se podra llevar ni siquiera t\u00fa, que tanto te am\u00e9.<\/p>\n","protected":false},"excerpt":{"rendered":"<p>Tratar\u00e9 de recordar como es el amor, ya que en mi alma se ha esfumado, Por que? me lo he preguntado y la contestaci\u00f3n es sencilla por que t\u00fa te fuiste sin decir adi\u00f3s, por que te llevaste la \u00fanica huella que me hacia vivir \u00a1tu amor! y no te lo reprocho por que nuestro <a href=\"https:\/\/blog.espol.edu.ec\/joselin8\/2010\/08\/20\/cuando-existo-el-amor\/\">Continue reading &#8594;<\/a><\/p>\n","protected":false},"author":4592,"featured_media":0,"comment_status":"open","ping_status":"open","sticky":false,"template":"","format":"standard","meta":{"footnotes":""},"categories":[1],"tags":[],"class_list":["post-114","post","type-post","status-publish","format-standard","hentry","category-uncategorized"],"_links":{"self":[{"href":"https:\/\/blog.espol.edu.ec\/joselin8\/wp-json\/wp\/v2\/posts\/114","targetHints":{"allow":["GET"]}}],"collection":[{"href":"https:\/\/blog.espol.edu.ec\/joselin8\/wp-json\/wp\/v2\/posts"}],"about":[{"href":"https:\/\/blog.espol.edu.ec\/joselin8\/wp-json\/wp\/v2\/types\/post"}],"author":[{"embeddable":true,"href":"https:\/\/blog.espol.edu.ec\/joselin8\/wp-json\/wp\/v2\/users\/4592"}],"replies":[{"embeddable":true,"href":"https:\/\/blog.espol.edu.ec\/joselin8\/wp-json\/wp\/v2\/comments?post=114"}],"version-history":[{"count":3,"href":"https:\/\/blog.espol.edu.ec\/joselin8\/wp-json\/wp\/v2\/posts\/114\/revisions"}],"predecessor-version":[{"id":118,"href":"https:\/\/blog.espol.edu.ec\/joselin8\/wp-json\/wp\/v2\/posts\/114\/revisions\/118"}],"wp:attachment":[{"href":"https:\/\/blog.espol.edu.ec\/joselin8\/wp-json\/wp\/v2\/media?parent=114"}],"wp:term":[{"taxonomy":"category","embeddable":true,"href":"https:\/\/blog.espol.edu.ec\/joselin8\/wp-json\/wp\/v2\/categories?post=114"},{"taxonomy":"post_tag","embeddable":true,"href":"https:\/\/blog.espol.edu.ec\/joselin8\/wp-json\/wp\/v2\/tags?post=114"}],"curies":[{"name":"wp","href":"https:\/\/api.w.org\/{rel}","templated":true}]}}