{"id":4,"date":"2010-06-17T13:45:44","date_gmt":"2010-06-17T13:45:44","guid":{"rendered":"http:\/\/blog.espol.edu.ec\/joyceoviedo\/?p=4"},"modified":"2010-06-17T13:59:40","modified_gmt":"2010-06-17T13:59:40","slug":"san-josemaria-escriva","status":"publish","type":"post","link":"https:\/\/blog.espol.edu.ec\/joyceoviedo\/2010\/06\/17\/san-josemaria-escriva\/","title":{"rendered":"San Josemar\u00eda Escriv\u00e1"},"content":{"rendered":"<p><a href=\"http:\/\/blog.espol.edu.ec\/joyceoviedo\/files\/2010\/06\/Sanjosemaria011.jpg\"><img loading=\"lazy\" decoding=\"async\" class=\"aligncenter size-medium wp-image-7\" title=\"San Josemar\u00eda\" src=\"http:\/\/blog.espol.edu.ec\/joyceoviedo\/files\/2010\/06\/Sanjosemaria011-300x146.jpg\" alt=\"Amigo de Dios\" width=\"300\" height=\"146\" srcset=\"https:\/\/blog.espol.edu.ec\/joyceoviedo\/files\/2010\/06\/Sanjosemaria011-300x146.jpg 300w, https:\/\/blog.espol.edu.ec\/joyceoviedo\/files\/2010\/06\/Sanjosemaria011.jpg 550w\" sizes=\"auto, (max-width: 300px) 100vw, 300px\" \/><\/a>Josemar\u00eda Escriv\u00e1 de Balaguer naci\u00f3 en Barbastro (Huesca, Espa\u00f1a) el 9 de enero de 1902. Sus padres se llamaban Jos\u00e9 y Dolores. Tuvo cinco hermanos: Carmen (1899-1957), Santiago (1919-1994) y otras tres hermanas menores que \u00e9l, que murieron cuando eran ni\u00f1as. El matrimonio Escriv\u00e1 dio a sus hijos una profunda educaci\u00f3n cristiana.<\/p>\n<p>En 1915 quebr\u00f3 el negocio del padre, comerciante de tejidos, y la familia hubo de trasladarse a Logro\u00f1o, donde el padre encontr\u00f3 otro trabajo. En esa ciudad, Josemar\u00eda, despu\u00e9s de ver unas huellas en la nieve de los pies descalzos de un religioso, intuye que Dios desea algo de \u00e9l, aunque no sabe exactamente qu\u00e9 es. Piensa que podr\u00e1 descubrirlo m\u00e1s f\u00e1cilmente si se hace sacerdote, y comienza a prepararse primero en Logro\u00f1o y m\u00e1s tarde en el seminario de Zaragoza.<\/p>\n<p>Siguiendo un consejo de su padre, en la Universidad de Zaragoza estudia tambi\u00e9n la carrera civil de Derecho como alumno libre. D. Jos\u00e9 Escriv\u00e1 muere en 1924, y Josemar\u00eda queda como cabeza de familia. Recibe la ordenaci\u00f3n sacerdotal el 28 de marzo de 1925 y comienza a ejercer el ministerio primero en una parroquia rural y luego en Zaragoza.<\/p>\n<p>En 1927 se traslada a Madrid, con permiso de su obispo, para obtener el doctorado en Derecho. En Madrid, el 2 de octubre de 1928, Dios le hace ver lo que espera de \u00e9l, y funda el Opus Dei. Desde ese d\u00eda trabaja con todas sus fuerzas en el desarrollo de la fundaci\u00f3n que Dios le pide, al tiempo que contin\u00faa con el ministerio pastoral que tiene encomendado en aquellos a\u00f1os, que le pone diariamente en contacto con la enfermedad y la pobreza en hospitales y barriadas populares de Madrid.<\/p>\n<p>Al estallar la guerra civil, en 1936, Josemar\u00eda Escriv\u00e1 se encuentra en Madrid. La persecuci\u00f3n religiosa le obliga a refugiarse en diferentes lugares. Ejerce su ministerio sacerdotal clandestinamente, hasta que logra salir de Madrid. Despu\u00e9s de una traves\u00eda por los Pirineos hasta el sur de Francia, se traslada a Burgos.<\/p>\n<p>Cuando acaba la guerra, en 1939, regresa a Madrid. En los a\u00f1os siguientes dirige numerosos ejercicios espirituales para laicos, para sacerdotes y para religiosos. En el mismo a\u00f1o 1939 termina sus estudios de doctorado en Derecho.<\/p>\n<p>En 1946 fija su residencia en Roma. Obtiene el doctorado en Teolog\u00eda por la Universidad Lateranense. Es nombrado consultor de dos Congregaciones vaticanas, miembro honorario de la Pontificia Academia de Teolog\u00eda y prelado de honor de Su Santidad. Sigue con atenci\u00f3n los preparativos y las sesiones del Concilio Vaticano II (1962-1965), y mantiene un trato intenso con muchos de los padres conciliares.<\/p>\n<p>Desde Roma viaja en numerosas ocasiones a distintos pa\u00edses de Europa, para impulsar el establecimiento y la consolidaci\u00f3n del trabajo apost\u00f3lico del Opus Dei. Con el mismo objeto, entre 1970 y 1975 hace largos viajes por M\u00e9xico, la Pen\u00ednsula Ib\u00e9rica, Am\u00e9rica del Sur y Guatemala, donde adem\u00e1s tiene reuniones de catequesis con grupos numerosos de hombres y mujeres.<\/p>\n<p>Fallece en Roma el 26 de junio de 1975. Varios miles de personas, entre ellas numerosos obispos de distintos pa\u00edses \u2014en conjunto, un tercio del episcopado mundial\u2014, solicitan a la Santa Sede la apertura de su causa de canonizaci\u00f3n.<\/p>\n<p>El 17 de mayo de 1992, Juan Pablo II beatifica a Josemar\u00eda Escriv\u00e1 de Balaguer. Lo proclama santo diez a\u00f1os despu\u00e9s, el 6 de octubre de 2002, en la plaza de San Pedro, en Roma, ante una gran multitud. \u00abSiguiendo sus huellas\u00bb, dijo en esa ocasi\u00f3n el Papa en su homil\u00eda, \u00abdifundid en la sociedad, sin distinci\u00f3n de raza, clase, cultura o edad, la conciencia de que todos estamos llamados a la santidad\u00bb.<\/p>\n<p>Fuente:\u00a0<a href=\"http:\/\/www.opusdei.es\/sec.php?s=2\">http:\/\/www.opusdei.es\/sec.php?s=2<\/a><\/p>\n<p style=\"text-align: center\"><object classid=\"clsid:d27cdb6e-ae6d-11cf-96b8-444553540000\" width=\"480\" height=\"385\"><param name=\"allowFullScreen\" value=\"true\" \/><param name=\"allowscriptaccess\" value=\"always\" \/><param name=\"src\" value=\"http:\/\/www.youtube.com\/v\/Let9DRG9DNk&amp;hl=es_ES&amp;fs=1&amp;color1=0x402061&amp;color2=0x9461ca\" \/><param name=\"allowfullscreen\" value=\"true\" \/><embed type=\"application\/x-shockwave-flash\" width=\"480\" height=\"385\" src=\"http:\/\/www.youtube.com\/v\/Let9DRG9DNk&amp;hl=es_ES&amp;fs=1&amp;color1=0x402061&amp;color2=0x9461ca\" allowscriptaccess=\"always\" allowfullscreen=\"true\"><\/embed><\/object><\/p>\n<p style=\"text-align: center\">\n<p style=\"text-align: center\">\n<p style=\"text-align: center\">\n<p><a title=\"View Crecer Para Adentro. S.J.M. Escriva on Scribd\" href=\"http:\/\/www.scribd.com\/doc\/26880829\/Crecer-Para-Adentro-S-J-M-Escriva\">Crecer Para Adentro. S.J.M. Escriva<\/a> <object classid=\"clsid:d27cdb6e-ae6d-11cf-96b8-444553540000\" width=\"100%\" height=\"500\"><param name=\"name\" value=\"doc_621840126304747\" \/><param name=\"data\" value=\"http:\/\/d1.scribdassets.com\/ScribdViewer.swf\" \/><param name=\"wmode\" value=\"opaque\" \/><param name=\"bgcolor\" value=\"#ffffff\" \/><param name=\"allowFullScreen\" value=\"true\" \/><param name=\"allowScriptAccess\" value=\"always\" \/><param name=\"FlashVars\" value=\"document_id=26880829&amp;access_key=key-1me5rbvqj900380f8aku&amp;page=1&amp;viewMode=list\" \/><param name=\"src\" value=\"http:\/\/d1.scribdassets.com\/ScribdViewer.swf\" \/><param name=\"allowfullscreen\" value=\"true\" \/><param name=\"flashvars\" value=\"document_id=26880829&amp;access_key=key-1me5rbvqj900380f8aku&amp;page=1&amp;viewMode=list\" \/><embed id=\"doc_621840126304747\" type=\"application\/x-shockwave-flash\" width=\"100%\" height=\"500\" src=\"http:\/\/d1.scribdassets.com\/ScribdViewer.swf\" flashvars=\"document_id=26880829&amp;access_key=key-1me5rbvqj900380f8aku&amp;page=1&amp;viewMode=list\" allowscriptaccess=\"always\" allowfullscreen=\"true\"><\/embed><\/object><\/p>\n<div id=\"__ss_68830\" style=\"width: 425px;text-align: center\"><strong> <a title=\"El Imperio Del Opus Dei En Chile\" href=\"http:\/\/www.slideshare.net\/tinticarola\/el-imperio-del-opus-dei-en-chile\">El Imperio Del Opus Dei En Chile<\/a><\/strong><object classid=\"clsid:d27cdb6e-ae6d-11cf-96b8-444553540000\" width=\"425\" height=\"355\"><param name=\"allowFullScreen\" value=\"true\" \/><param name=\"allowScriptAccess\" value=\"always\" \/><param name=\"src\" value=\"http:\/\/static.slidesharecdn.com\/swf\/ssplayer2.swf?doc=el-imperio-del-opus-dei-en-chile969&amp;stripped_title=el-imperio-del-opus-dei-en-chile\" \/><param name=\"name\" value=\"__sse68830\" \/><param name=\"allowfullscreen\" value=\"true\" \/><embed id=\"__sse68830\" type=\"application\/x-shockwave-flash\" width=\"425\" height=\"355\" src=\"http:\/\/static.slidesharecdn.com\/swf\/ssplayer2.swf?doc=el-imperio-del-opus-dei-en-chile969&amp;stripped_title=el-imperio-del-opus-dei-en-chile\" allowscriptaccess=\"always\" allowfullscreen=\"true\"><\/embed><\/object><\/p>\n<div style=\"padding: 5px 0 12px\">View more <a href=\"http:\/\/www.slideshare.net\/\">presentations<\/a> from <a href=\"http:\/\/www.slideshare.net\/tinticarola\">tinticarola<\/a>.<\/div>\n<\/div>\n","protected":false},"excerpt":{"rendered":"<p>Josemar\u00eda Escriv\u00e1 de Balaguer naci\u00f3 en Barbastro (Huesca, Espa\u00f1a) el 9 de enero de 1902. Sus padres se llamaban Jos\u00e9 y Dolores. Tuvo cinco hermanos: Carmen (1899-1957), Santiago (1919-1994) y otras tres hermanas menores que \u00e9l, que murieron cuando eran ni\u00f1as. El matrimonio Escriv\u00e1 dio a sus hijos una profunda educaci\u00f3n cristiana. En 1915 quebr\u00f3 [&hellip;]<\/p>\n","protected":false},"author":4801,"featured_media":0,"comment_status":"open","ping_status":"open","sticky":false,"template":"","format":"standard","meta":{"footnotes":""},"categories":[19803],"tags":[19838,19839,592114,19841,19837,19840],"class_list":["post-4","post","type-post","status-publish","format-standard","hentry","category-opus-dei","tag-amigo-de-dios","tag-fundador-del-opus-dei","tag-opus-dei","tag-opus-dei-en-el-ecuador","tag-san-josemaria-escriva","tag-san-josemaria-escriva-y-los-jovenes"],"_links":{"self":[{"href":"https:\/\/blog.espol.edu.ec\/joyceoviedo\/wp-json\/wp\/v2\/posts\/4","targetHints":{"allow":["GET"]}}],"collection":[{"href":"https:\/\/blog.espol.edu.ec\/joyceoviedo\/wp-json\/wp\/v2\/posts"}],"about":[{"href":"https:\/\/blog.espol.edu.ec\/joyceoviedo\/wp-json\/wp\/v2\/types\/post"}],"author":[{"embeddable":true,"href":"https:\/\/blog.espol.edu.ec\/joyceoviedo\/wp-json\/wp\/v2\/users\/4801"}],"replies":[{"embeddable":true,"href":"https:\/\/blog.espol.edu.ec\/joyceoviedo\/wp-json\/wp\/v2\/comments?post=4"}],"version-history":[{"count":8,"href":"https:\/\/blog.espol.edu.ec\/joyceoviedo\/wp-json\/wp\/v2\/posts\/4\/revisions"}],"predecessor-version":[{"id":14,"href":"https:\/\/blog.espol.edu.ec\/joyceoviedo\/wp-json\/wp\/v2\/posts\/4\/revisions\/14"}],"wp:attachment":[{"href":"https:\/\/blog.espol.edu.ec\/joyceoviedo\/wp-json\/wp\/v2\/media?parent=4"}],"wp:term":[{"taxonomy":"category","embeddable":true,"href":"https:\/\/blog.espol.edu.ec\/joyceoviedo\/wp-json\/wp\/v2\/categories?post=4"},{"taxonomy":"post_tag","embeddable":true,"href":"https:\/\/blog.espol.edu.ec\/joyceoviedo\/wp-json\/wp\/v2\/tags?post=4"}],"curies":[{"name":"wp","href":"https:\/\/api.w.org\/{rel}","templated":true}]}}