{"id":123,"date":"2010-12-24T16:34:33","date_gmt":"2010-12-24T16:34:33","guid":{"rendered":"http:\/\/blog.espol.edu.ec\/jpolanco\/?p=123"},"modified":"2010-12-24T16:34:33","modified_gmt":"2010-12-24T16:34:33","slug":"rob-halford-habla-del-fin-de-judas-priest","status":"publish","type":"post","link":"https:\/\/blog.espol.edu.ec\/jpolanco\/2010\/12\/24\/rob-halford-habla-del-fin-de-judas-priest\/","title":{"rendered":"Rob Halford habla del fin de JUDAS PRIEST:"},"content":{"rendered":"<p><a href=\"http:\/\/blog.espol.edu.ec\/jpolanco\/files\/2010\/12\/164641_174039715969605_110656975641213_407784_7231984_n.jpg\"><img loading=\"lazy\" decoding=\"async\" src=\"http:\/\/blog.espol.edu.ec\/jpolanco\/files\/2010\/12\/164641_174039715969605_110656975641213_407784_7231984_n-300x199.jpg\" alt=\"\" title=\"164641_174039715969605_110656975641213_407784_7231984_n\" width=\"300\" height=\"199\" class=\"aligncenter size-medium wp-image-124\" srcset=\"https:\/\/blog.espol.edu.ec\/jpolanco\/files\/2010\/12\/164641_174039715969605_110656975641213_407784_7231984_n-300x199.jpg 300w, https:\/\/blog.espol.edu.ec\/jpolanco\/files\/2010\/12\/164641_174039715969605_110656975641213_407784_7231984_n.jpg 720w\" sizes=\"auto, (max-width: 300px) 100vw, 300px\" \/><\/a><br \/>\nSignOnSanDiego.com entrevist\u00f3 por tel\u00e9fono desde Chicago a Rob Halford de JUDAS PRIEST en un par\u00f3n en su tour con su otra banda HALFORD. Traducimos algunos fragmentos de la entrevista:<\/p>\n<p>- Sobre las razones de poner punto final a JUDAS PRIEST:<br \/>\n\"De verdad que no lo se. Es por un c\u00famulo de razones. Supongo que tiene que ver con la jubilaci\u00f3n o la crisis, no lo s\u00e9. Pienso que hay que hacer frente a la mortalidad, eso es evidente. Algunos grupos contin\u00faan, siguen, otras bandas se desinflan poco a poco, y algunas bandas lo dejan totalmente. Con el tiempo le pasa a todas las bandas y ahora es a lo que nos enfrentamos JUDAS PRIEST. Por eso, queremos dejarlo en t\u00e9rminos respetables, musicalmente hablando\".<\/p>\n<p>- Sobre las razones de por qu\u00e9 dejarlo ahora, cuando la banda a\u00fan suenan muy bien...<br \/>\n\"Yo lo llamo el \"s\u00edndrome de Muhammad Ali.\" Si est\u00e1s en el ring mucho tiempo, todo puede llegar a ser muy triste de ver y escuchar. Tienes que estar seguro de que no te pase como m\u00fasico, sobre todo en este mundo del heavy metal, donde el p\u00fablico es muy exigente a la hora de tolerar pasear estos cuerpos viejos por todos los sitios. Intentamos hacer ahora las cosas que hac\u00edamos facilmente hace 30 a\u00f1os y no resulta f\u00e1cil. Nos gustar\u00eda que nuestros fans se lo tomaran como algo que hay celebrar y que no est\u00e9n tristes o deprimidos\".<\/p>\n<p>- Sobre el, tambi\u00e9n, final de HALFORD, como banda:<br \/>\n\"No lo s\u00e9. Me siento muy fuerte vocalmente hablando, tengo mucha energ\u00eda y creo que estoy haciendo las cosas que son importantes. Por esto creo que lo justo para ambas bandas es tratarlas con respeto y de diferente forma. No importa hacia donde voy y que hago, lo importante es seguir haciendo metal a nivel personal\".<\/p>\n","protected":false},"excerpt":{"rendered":"<p>SignOnSanDiego.com entrevist\u00f3 por tel\u00e9fono desde Chicago a Rob Halford de JUDAS PRIEST en un par\u00f3n en su tour con su otra banda HALFORD. Traducimos algunos fragmentos de la entrevista: - Sobre las razones de poner punto final a JUDAS PRIEST: \"De verdad que no lo se. Es por un c\u00famulo de razones. Supongo que tiene [&hellip;]<\/p>\n","protected":false},"author":5431,"featured_media":0,"comment_status":"open","ping_status":"open","sticky":false,"template":"","format":"standard","meta":{"footnotes":""},"categories":[128],"tags":[27912,28163],"class_list":["post-123","post","type-post","status-publish","format-standard","hentry","category-noticias","tag-judas-priest","tag-rob-halford"],"_links":{"self":[{"href":"https:\/\/blog.espol.edu.ec\/jpolanco\/wp-json\/wp\/v2\/posts\/123","targetHints":{"allow":["GET"]}}],"collection":[{"href":"https:\/\/blog.espol.edu.ec\/jpolanco\/wp-json\/wp\/v2\/posts"}],"about":[{"href":"https:\/\/blog.espol.edu.ec\/jpolanco\/wp-json\/wp\/v2\/types\/post"}],"author":[{"embeddable":true,"href":"https:\/\/blog.espol.edu.ec\/jpolanco\/wp-json\/wp\/v2\/users\/5431"}],"replies":[{"embeddable":true,"href":"https:\/\/blog.espol.edu.ec\/jpolanco\/wp-json\/wp\/v2\/comments?post=123"}],"version-history":[{"count":1,"href":"https:\/\/blog.espol.edu.ec\/jpolanco\/wp-json\/wp\/v2\/posts\/123\/revisions"}],"predecessor-version":[{"id":125,"href":"https:\/\/blog.espol.edu.ec\/jpolanco\/wp-json\/wp\/v2\/posts\/123\/revisions\/125"}],"wp:attachment":[{"href":"https:\/\/blog.espol.edu.ec\/jpolanco\/wp-json\/wp\/v2\/media?parent=123"}],"wp:term":[{"taxonomy":"category","embeddable":true,"href":"https:\/\/blog.espol.edu.ec\/jpolanco\/wp-json\/wp\/v2\/categories?post=123"},{"taxonomy":"post_tag","embeddable":true,"href":"https:\/\/blog.espol.edu.ec\/jpolanco\/wp-json\/wp\/v2\/tags?post=123"}],"curies":[{"name":"wp","href":"https:\/\/api.w.org\/{rel}","templated":true}]}}