{"id":169,"date":"2011-02-15T16:08:13","date_gmt":"2011-02-15T16:08:13","guid":{"rendered":"http:\/\/blog.espol.edu.ec\/jpolanco\/?p=169"},"modified":"2011-02-15T16:08:13","modified_gmt":"2011-02-15T16:08:13","slug":"jeff-hanneman-fuera-de-slayer-temporalmente","status":"publish","type":"post","link":"https:\/\/blog.espol.edu.ec\/jpolanco\/2011\/02\/15\/jeff-hanneman-fuera-de-slayer-temporalmente\/","title":{"rendered":"Jeff Hanneman fuera de SLAYER temporalmente."},"content":{"rendered":"<p>El guitarrista de los americanos SLAYER, ha sido operado de una infecci\u00f3n en el brazo y la banda ofrecer\u00e1 sus pr\u00f3ximas fechas con un sustituto, a la espera de que Jeff est\u00e9 completamente recuperado.<br \/>\n<a href=\"http:\/\/blog.espol.edu.ec\/jpolanco\/files\/2011\/02\/jeff_hanneman.jpg\"><img loading=\"lazy\" decoding=\"async\" src=\"http:\/\/blog.espol.edu.ec\/jpolanco\/files\/2011\/02\/jeff_hanneman.jpg\" alt=\"\" title=\"jeff_hanneman\" width=\"300\" height=\"400\" class=\"aligncenter size-full wp-image-170\" srcset=\"https:\/\/blog.espol.edu.ec\/jpolanco\/files\/2011\/02\/jeff_hanneman.jpg 300w, https:\/\/blog.espol.edu.ec\/jpolanco\/files\/2011\/02\/jeff_hanneman-225x300.jpg 225w\" sizes=\"auto, (max-width: 300px) 100vw, 300px\" \/><\/a><br \/>\nJeff Hanneman, guitarrista y miembro fundador de SLAYER, fue hospitalizado el pasado mes, para ser sometido a una operaci\u00f3n de emergencia, tras contraer una seria infecci\u00f3n, seg\u00fan sus compa\u00f1eros de banda, Kerry King (guitarra), Tom Araya (bajo y voz) y Dave Lombardo (bater\u00eda).<\/p>\n<p>Por el momento, los m\u00e9dicos no han podido ientificar el origen exacto de la infecci\u00f3n, aunque afirman que probablemente se haya producido por la picadura de una ara\u00f1a. El guitarrista se encuentra ahora recuper\u00e1ndose en su casa de las intervenciones sufridas, inclu\u00eddo un ingerto de piel. La banda esperar\u00e1 a que Jeff se recupere completamente.<\/p>\n<p>As\u00ed por tanto, para las pr\u00f3ximas fechas, empezando por el Festival australiano Rota Soundwave, que comeinza el 26 de febrero, la banda contar\u00e1 con un sustituto temporal en las guitarras, m\u00fasico que anunciar\u00e1n en breve.<\/p>\n<p>\"Jeff es nuestro hermano, todos somos amigos y estamos juntos en la banda desde hace casi 30 a\u00f1os. Por eso, lo que queremos es que se recupere completamente si es posible\" comenta Tom Araya. Por su parte, Kerry King afirma que \"Debido a todo lo que pas\u00f3 el a\u00f1o pasado, todos acordamos que no podemos dejar a nuestros seguidores fuera de nuevo (debido a los problemas de Tom Araya, que llevaron a la banda a aplazar y cancelar conciertos en 2009 y 2010). Jeff est\u00e1 completamente de acuerdo con esta decisi\u00f3n, por lo qu eharemos la gira como est\u00e1 planeada. No sabemos exactamente cuando volver\u00e1, pero estar\u00e1 aqu\u00ed de nuevo lo antes posible. Estamos ansiosos por que Jeff mejore y vuelva a poner su trasero sobre los escenarios\".<\/p>\n","protected":false},"excerpt":{"rendered":"<p>El guitarrista de los americanos SLAYER, ha sido operado de una infecci\u00f3n en el brazo y la banda ofrecer\u00e1 sus pr\u00f3ximas fechas con un sustituto, a la espera de que Jeff est\u00e9 completamente recuperado. Jeff Hanneman, guitarrista y miembro fundador de SLAYER, fue hospitalizado el pasado mes, para ser sometido a una operaci\u00f3n de emergencia, [&hellip;]<\/p>\n","protected":false},"author":5431,"featured_media":0,"comment_status":"open","ping_status":"open","sticky":false,"template":"","format":"standard","meta":{"footnotes":""},"categories":[128],"tags":[30798],"class_list":["post-169","post","type-post","status-publish","format-standard","hentry","category-noticias","tag-sla"],"_links":{"self":[{"href":"https:\/\/blog.espol.edu.ec\/jpolanco\/wp-json\/wp\/v2\/posts\/169","targetHints":{"allow":["GET"]}}],"collection":[{"href":"https:\/\/blog.espol.edu.ec\/jpolanco\/wp-json\/wp\/v2\/posts"}],"about":[{"href":"https:\/\/blog.espol.edu.ec\/jpolanco\/wp-json\/wp\/v2\/types\/post"}],"author":[{"embeddable":true,"href":"https:\/\/blog.espol.edu.ec\/jpolanco\/wp-json\/wp\/v2\/users\/5431"}],"replies":[{"embeddable":true,"href":"https:\/\/blog.espol.edu.ec\/jpolanco\/wp-json\/wp\/v2\/comments?post=169"}],"version-history":[{"count":1,"href":"https:\/\/blog.espol.edu.ec\/jpolanco\/wp-json\/wp\/v2\/posts\/169\/revisions"}],"predecessor-version":[{"id":171,"href":"https:\/\/blog.espol.edu.ec\/jpolanco\/wp-json\/wp\/v2\/posts\/169\/revisions\/171"}],"wp:attachment":[{"href":"https:\/\/blog.espol.edu.ec\/jpolanco\/wp-json\/wp\/v2\/media?parent=169"}],"wp:term":[{"taxonomy":"category","embeddable":true,"href":"https:\/\/blog.espol.edu.ec\/jpolanco\/wp-json\/wp\/v2\/categories?post=169"},{"taxonomy":"post_tag","embeddable":true,"href":"https:\/\/blog.espol.edu.ec\/jpolanco\/wp-json\/wp\/v2\/tags?post=169"}],"curies":[{"name":"wp","href":"https:\/\/api.w.org\/{rel}","templated":true}]}}