{"id":33,"date":"2010-11-15T02:27:42","date_gmt":"2010-11-15T02:27:42","guid":{"rendered":"http:\/\/blog.espol.edu.ec\/jpolanco\/?p=33"},"modified":"2010-11-15T02:27:42","modified_gmt":"2010-11-15T02:27:42","slug":"nergal-de-behemoth-escribe-desde-el-hospital","status":"publish","type":"post","link":"https:\/\/blog.espol.edu.ec\/jpolanco\/2010\/11\/15\/nergal-de-behemoth-escribe-desde-el-hospital\/","title":{"rendered":"Nergal de BEHEMOTH escribe desde el hospital:"},"content":{"rendered":"<p>La p\u00e1gina oficial de BEHEMOTH acaba de actualizar la siguiente nota, en la que comentan las \u00faltimas noticias recibidas desde el hospital, en que se encuentra internado su vocalista, Nergal. Se trata de una nota, con la que la banda no duda de la buena marcha del tratamiento:<br \/>\n\u201cHola a todos. A\u00fan estoy en el hospital, pero en realmente muy buena forma, escribo para informaros sobre mi salud y las siguientes fases del tratamiento.<br \/>\nYa he pasado las cuatro sesiones de quimioterapia planeadas y he estado m\u00e1s de tres meses en el hospital. He pasado toda la terapia tranquilamente, aunque tengo algunos momentos dif\u00edciles. Esto significa que he terminado la parte de medicaci\u00f3n y en breve comenzar\u00e1 la radiaci\u00f3n u, en seguida la m\u00e9dula \u00f3sea. \u00a1Si, si, encontramos un donante\u2026! Despu\u00e9s de meses de b\u00fasqueda la fundaci\u00f3n ha encontrado una persona cuyo genotipo es id\u00e9ntico al m\u00edo. Esto es algo dif\u00edcil de creer, si no fuese por el apoyo de un gran n\u00famero de personas. Antes de nada, debo expresar mi gran admiraci\u00f3n por mi maravillosa y dedicada novia, Dorota.<br \/>\nElla ha hecho todo lo que estaba en su mano para ayudarme a m\u00ed y a muchas otras personas. A pesar de la adversidad y de los comentarios muchas veces injustos. Su ayuda no tiene precio. Gracias, te amo. En mi nombre y en el de todos los pacientes enfermos, me gustar\u00eda dar las gracias a todos los que se han inscrito en el banco de m\u00e9dulas, independientemente del lugar de origen, color o creencias.<br \/>\nA los conciertos ben\u00e9ficos que se han hecho alrededor del mundo, a las personas de la industria musical, bandas y fans principalmente envueltos en la acci\u00f3n con total dedicaci\u00f3n. Sois lo mejor. Hab\u00e9is hecho posible el trasplante, pero recordad que vuestra actitud puede salvar a muchas otras personas que necesitan, por tanto, apoyo: no par\u00e9is la locura. La marcha hasta la victoria contin\u00faa. Horns Up!<br \/>\n<a href=\"http:\/\/blog.espol.edu.ec\/jpolanco\/files\/2010\/11\/149880_164377236935853_110656975641213_346841_7033466_n.jpg\"><img loading=\"lazy\" decoding=\"async\" src=\"http:\/\/blog.espol.edu.ec\/jpolanco\/files\/2010\/11\/149880_164377236935853_110656975641213_346841_7033466_n-225x300.jpg\" alt=\"\" title=\"149880_164377236935853_110656975641213_346841_7033466_n\" width=\"225\" height=\"300\" class=\"aligncenter size-medium wp-image-34\" srcset=\"https:\/\/blog.espol.edu.ec\/jpolanco\/files\/2010\/11\/149880_164377236935853_110656975641213_346841_7033466_n-225x300.jpg 225w, https:\/\/blog.espol.edu.ec\/jpolanco\/files\/2010\/11\/149880_164377236935853_110656975641213_346841_7033466_n.jpg 541w\" sizes=\"auto, (max-width: 225px) 100vw, 225px\" \/><\/a><\/p>\n","protected":false},"excerpt":{"rendered":"<p>La p\u00e1gina oficial de BEHEMOTH acaba de actualizar la siguiente nota, en la que comentan las \u00faltimas noticias recibidas desde el hospital, en que se encuentra internado su vocalista, Nergal. Se trata de una nota, con la que la banda no duda de la buena marcha del tratamiento: \u201cHola a todos. A\u00fan estoy en el [&hellip;]<\/p>\n","protected":false},"author":5431,"featured_media":0,"comment_status":"open","ping_status":"open","sticky":false,"template":"","format":"standard","meta":{"footnotes":""},"categories":[128],"tags":[25893],"class_list":["post-33","post","type-post","status-publish","format-standard","hentry","category-noticias","tag-nergal"],"_links":{"self":[{"href":"https:\/\/blog.espol.edu.ec\/jpolanco\/wp-json\/wp\/v2\/posts\/33","targetHints":{"allow":["GET"]}}],"collection":[{"href":"https:\/\/blog.espol.edu.ec\/jpolanco\/wp-json\/wp\/v2\/posts"}],"about":[{"href":"https:\/\/blog.espol.edu.ec\/jpolanco\/wp-json\/wp\/v2\/types\/post"}],"author":[{"embeddable":true,"href":"https:\/\/blog.espol.edu.ec\/jpolanco\/wp-json\/wp\/v2\/users\/5431"}],"replies":[{"embeddable":true,"href":"https:\/\/blog.espol.edu.ec\/jpolanco\/wp-json\/wp\/v2\/comments?post=33"}],"version-history":[{"count":1,"href":"https:\/\/blog.espol.edu.ec\/jpolanco\/wp-json\/wp\/v2\/posts\/33\/revisions"}],"predecessor-version":[{"id":35,"href":"https:\/\/blog.espol.edu.ec\/jpolanco\/wp-json\/wp\/v2\/posts\/33\/revisions\/35"}],"wp:attachment":[{"href":"https:\/\/blog.espol.edu.ec\/jpolanco\/wp-json\/wp\/v2\/media?parent=33"}],"wp:term":[{"taxonomy":"category","embeddable":true,"href":"https:\/\/blog.espol.edu.ec\/jpolanco\/wp-json\/wp\/v2\/categories?post=33"},{"taxonomy":"post_tag","embeddable":true,"href":"https:\/\/blog.espol.edu.ec\/jpolanco\/wp-json\/wp\/v2\/tags?post=33"}],"curies":[{"name":"wp","href":"https:\/\/api.w.org\/{rel}","templated":true}]}}