{"id":98,"date":"2010-12-19T00:07:20","date_gmt":"2010-12-18T14:37:20","guid":{"rendered":"http:\/\/blog.espol.edu.ec\/jprieto\/?p=98"},"modified":"2010-12-19T00:07:20","modified_gmt":"2010-12-18T14:37:20","slug":"el-papa-afirma-que-el-arbol-de-navidad-enriquece-el-valor-del-portal-de-belen-vaticano","status":"publish","type":"post","link":"https:\/\/blog.espol.edu.ec\/jprieto\/2010\/12\/19\/el-papa-afirma-que-el-arbol-de-navidad-enriquece-el-valor-del-portal-de-belen-vaticano\/","title":{"rendered":"El Papa afirma que el \u00e1rbol de Navidad enriquece el valor del Portal de Bel\u00e9n (VATICANO)"},"content":{"rendered":"<p>Ciudad del Vaticano, 17 dic (EFE).- Benedicto XVI dijo hoy que el \u00e1rbol de Navidad enriquece el valor simb\u00f3lico del Portal de Bel\u00e9n, \"que es un mensaje de hermandad y de amistad, una invitaci\u00f3n a la paz\".<\/p>\n<p>El Pont\u00edfice as\u00ed lo manifest\u00f3 ante un grupo de fieles del SubTirol, la regi\u00f3n italiana de Alto Adigio, presentes en el Vaticano para la entrega del abeto de 34 metros de alto, 94 a\u00f1os de edad y cinco mil kilos de peso procedente de esa zona alpina que esta Navidad adornar\u00e1 la plaza de San Pedro junto al tradicional Portal de Bel\u00e9n y que ser\u00e1 encender\u00e1 hoy.<\/p>\n<p>\"El \u00e1rbol de Navidad enriquece el valor simb\u00f3licos del Portal de Bel\u00e9n, que es un mensaje de hermandad y de amistad, una invitaci\u00f3n a la unidad y a la paz, a hacer un hueco en nuestra vida y en la sociedad a Dios, el cual nos ofrece su amor omnipotente a trav\u00e9s de la fr\u00e1gil figura de un Ni\u00f1o\", afirm\u00f3 el Pont\u00edfice.<\/p>\n<p>El Obispo de Roma a\u00f1adi\u00f3 que el Nacimiento y el \u00e1rbol portan un mensaje de esperanza y de amor \"y ayudan a crear el clima propicio para vivir en la justa dimensi\u00f3n espiritual y religiosa el misterio del Nacimiento del Redentor\".<\/p>\n<p>El \u00e1rbol procede de la localidad de Luson, un pueblecito de la provincia de Bolzano, capital del Alto Adige.<\/p>\n<p>Ha sido adornado con 3.000 bolas de color oro y plata y con 1.500 bombillas amarillas y blancas, los colores de la Santa Sede.<\/p>\n<p>El Ayuntamiento de Luson ha regalado tambi\u00e9n al Vaticano medio centenar de peque\u00f1os abetos que ser\u00e1n colocados en otras tantas dependencias de la Santa Sede durante las navidades.<\/p>\n<p>El Vaticano entr\u00f3 hace varias semanas en el periodo navide\u00f1o con el comienzo de las obras de construcci\u00f3n del espectacular bel\u00e9n, que desde 1982 preside todos los a\u00f1os en Navidad la Plaza de San Pedro.<\/p>\n<p>Un equipo de trabajadores monta desde mediados de noviembre la estructura del bel\u00e9n, donde ser\u00e1n colocadas las principales esculturas tradicionales en el Nacimiento, que como todos los a\u00f1os, ocupar\u00e1 el espacio delante del obelisco, en el centro de la plaza.<\/p>\n<p><a href=\"http:\/\/blog.espol.edu.ec\/jprieto\/files\/2010\/12\/ar.jpg\"><img loading=\"lazy\" decoding=\"async\" class=\"aligncenter size-medium wp-image-99\" title=\"ar\" src=\"http:\/\/blog.espol.edu.ec\/jprieto\/files\/2010\/12\/ar-272x300.jpg\" alt=\"\" width=\"272\" height=\"300\" srcset=\"https:\/\/blog.espol.edu.ec\/jprieto\/files\/2010\/12\/ar-272x300.jpg 272w, https:\/\/blog.espol.edu.ec\/jprieto\/files\/2010\/12\/ar.jpg 395w\" sizes=\"auto, (max-width: 272px) 100vw, 272px\" \/><\/a><\/p>\n","protected":false},"excerpt":{"rendered":"<p>Ciudad del Vaticano, 17 dic (EFE).- Benedicto XVI dijo hoy que el \u00e1rbol de Navidad enriquece el valor simb\u00f3lico del Portal de Bel\u00e9n, \"que es un mensaje de hermandad y de amistad, una invitaci\u00f3n a la paz\". El Pont\u00edfice as\u00ed lo manifest\u00f3 ante un grupo de fieles del SubTirol, la regi\u00f3n italiana de Alto Adigio, [&hellip;]<\/p>\n","protected":false},"author":5401,"featured_media":0,"comment_status":"open","ping_status":"open","sticky":false,"template":"","format":"standard","meta":{"footnotes":""},"categories":[25716,4882],"tags":[498,153,1752,2576],"class_list":["post-98","post","type-post","status-publish","format-standard","hentry","category-noticias-de-interes","category-todo","tag-amistad","tag-amor","tag-navidad","tag-papa"],"_links":{"self":[{"href":"https:\/\/blog.espol.edu.ec\/jprieto\/wp-json\/wp\/v2\/posts\/98","targetHints":{"allow":["GET"]}}],"collection":[{"href":"https:\/\/blog.espol.edu.ec\/jprieto\/wp-json\/wp\/v2\/posts"}],"about":[{"href":"https:\/\/blog.espol.edu.ec\/jprieto\/wp-json\/wp\/v2\/types\/post"}],"author":[{"embeddable":true,"href":"https:\/\/blog.espol.edu.ec\/jprieto\/wp-json\/wp\/v2\/users\/5401"}],"replies":[{"embeddable":true,"href":"https:\/\/blog.espol.edu.ec\/jprieto\/wp-json\/wp\/v2\/comments?post=98"}],"version-history":[{"count":1,"href":"https:\/\/blog.espol.edu.ec\/jprieto\/wp-json\/wp\/v2\/posts\/98\/revisions"}],"predecessor-version":[{"id":100,"href":"https:\/\/blog.espol.edu.ec\/jprieto\/wp-json\/wp\/v2\/posts\/98\/revisions\/100"}],"wp:attachment":[{"href":"https:\/\/blog.espol.edu.ec\/jprieto\/wp-json\/wp\/v2\/media?parent=98"}],"wp:term":[{"taxonomy":"category","embeddable":true,"href":"https:\/\/blog.espol.edu.ec\/jprieto\/wp-json\/wp\/v2\/categories?post=98"},{"taxonomy":"post_tag","embeddable":true,"href":"https:\/\/blog.espol.edu.ec\/jprieto\/wp-json\/wp\/v2\/tags?post=98"}],"curies":[{"name":"wp","href":"https:\/\/api.w.org\/{rel}","templated":true}]}}