{"id":90,"date":"2010-11-24T04:34:04","date_gmt":"2010-11-24T04:34:04","guid":{"rendered":"http:\/\/blog.espol.edu.ec\/jtigua\/?p=90"},"modified":"2010-11-24T04:41:26","modified_gmt":"2010-11-24T04:41:26","slug":"iglesia-catedral-de-quito","status":"publish","type":"post","link":"https:\/\/blog.espol.edu.ec\/jtigua\/2010\/11\/24\/iglesia-catedral-de-quito\/","title":{"rendered":"IGLESIA CATEDRAL DE QUITO"},"content":{"rendered":"<p style=\"text-align: justify\"><a href=\"http:\/\/www.in-quito.com\/uio-kito-qito-kyto-qyto\/spanish-uio\/fotos\/lacatedral.htm\"><\/a><a href=\"http:\/\/www.in-quito.com\/uio-kito-qito-kyto-qyto\/spanish-uio\/fotos\/lacatedral.htm\"><\/a><a href=\"http:\/\/www.in-quito.com\/uio-kito-qito-kyto-qyto\/spanish-uio\/fotos\/lacatedral.htm\"><\/a><a href=\"http:\/\/blog.espol.edu.ec\/jtigua\/files\/2010\/11\/cathedral-church_1.jpg\"><img loading=\"lazy\" decoding=\"async\" class=\"alignleft size-thumbnail wp-image-91\" title=\"cathedral-church_1\" src=\"http:\/\/blog.espol.edu.ec\/jtigua\/files\/2010\/11\/cathedral-church_1-150x150.jpg\" alt=\"\" width=\"150\" height=\"150\" \/><\/a>Hasta mediados del siglo XVI la catedral de Quito\u00a0era de tapias y cubierta de paja. Entonces comenz\u00f3 la iglesia actual el obispo Garc\u00eda D\u00edaz Arias, y la prosigui\u00f3 el siguiente obispo, gran constructor, Pedro Rodr\u00edguez de Aguayo.<\/p>\n<p style=\"text-align: justify\">Una quebrada honda que corr\u00eda hacia la parte de atr\u00e1s impidi\u00f3 que se la edificase con frente a la plaza mayor.<\/p>\n<p style=\"text-align: justify\">Entonces, se tendi\u00f3 a todo lo largo de su flanco norte un atrio de piedra. Con la colaboraci\u00f3n entusiasta de los vecinos y trayendo la piedra del Pichincha, la obra se termin\u00f3 entre 1562 y 1565. M\u00e1s tarde se labraron retablos y se tall\u00f3 el p\u00falpito. Entonces el templo se consagr\u00f3 en 1572. Sin embargo, todo lo que hoy podemos apreciar fue complet\u00e1ndose a lo largo de los siglos XVII y XVIII. A fines de este siglo se edific\u00f3 el domo que corta por la mitad el atrio y se abre en escalera circular al parque, que, con el nombre del presidente de la audiencia que lo hizo, se conoce como el \"templo de Carondelet\". En estilo neocl\u00e1sico se trabaj\u00f3 el domo, as\u00ed como el coro catedralicio -talla de Caspicara-. En el altar mayor se puso el gran lienzo del tr\u00e1nsito de la Virgen, de Manuel Samaniego. El propio Samaniego y Bernardo Rodr\u00edguez pintaron episodios de la vida de Jes\u00fas en las enjutas de los arcos. Y, entre 1802 y 1803, Bernardo Rodr\u00edguez trabaj\u00f3 los cuatro grandes lienzos de las naves laterales: la pesca milagrosa; curaci\u00f3n de un pobre por San Pedro; conversi\u00f3n de San Pablo y San Pablo picado por una v\u00edbora.<\/p>\n<p style=\"text-align: justify\">Numerosos y preciosos tesoros tiene, adem\u00e1s de los dichos, la catedral quite\u00f1a, tan modesta en apariencia: el grupo escult\u00f3rico llamado \"La sabana santa\", una de las obras m\u00e1s armoniosas e intensas de Caspicara; la Inmaculada de Legarda; el grupo de la negaci\u00f3n de San Pedro, atribuido al Padre Carlos, el legendario artista que tall\u00f3 en 1668 el San Lucas de Cantu\u00f1a; el lienzo de la muerte de la Virgen, de Miguel de Santiago, puesto en el muro del trascoro y la serie de retratos de obispos que adorna los muros de la sala del cap\u00edtulo son los m\u00e1s dignos de verse.<\/p>\n<p style=\"text-align: justify\">FUENTES: <a href=\"http:\/\/http:\/\/www.in-quito.com\/uio-kito-qito-kyto-qyto\/spanish-uio\/iglesias-quito-ecuador\/quito-iglesia-la-catedral.htm\">IGLESIA CATEDRAL DE QUITO<\/a><\/p>\n","protected":false},"excerpt":{"rendered":"<p>Hasta mediados del siglo XVI la catedral de Quito\u00a0era de tapias y cubierta de paja. Entonces comenz\u00f3 la iglesia actual el obispo Garc\u00eda D\u00edaz Arias, y la prosigui\u00f3 el siguiente obispo, gran constructor, Pedro Rodr\u00edguez de Aguayo. Una quebrada honda que corr\u00eda hacia la parte de atr\u00e1s impidi\u00f3 que se la edificase con frente a [&hellip;]<\/p>\n","protected":false},"author":5528,"featured_media":0,"comment_status":"open","ping_status":"open","sticky":false,"template":"","format":"standard","meta":{"footnotes":""},"categories":[26224],"tags":[26780,6166,2413],"class_list":["post-90","post","type-post","status-publish","format-standard","hentry","category-carnaval-en-quito","tag-catedral","tag-iglesia","tag-quito"],"_links":{"self":[{"href":"https:\/\/blog.espol.edu.ec\/jtigua\/wp-json\/wp\/v2\/posts\/90","targetHints":{"allow":["GET"]}}],"collection":[{"href":"https:\/\/blog.espol.edu.ec\/jtigua\/wp-json\/wp\/v2\/posts"}],"about":[{"href":"https:\/\/blog.espol.edu.ec\/jtigua\/wp-json\/wp\/v2\/types\/post"}],"author":[{"embeddable":true,"href":"https:\/\/blog.espol.edu.ec\/jtigua\/wp-json\/wp\/v2\/users\/5528"}],"replies":[{"embeddable":true,"href":"https:\/\/blog.espol.edu.ec\/jtigua\/wp-json\/wp\/v2\/comments?post=90"}],"version-history":[{"count":4,"href":"https:\/\/blog.espol.edu.ec\/jtigua\/wp-json\/wp\/v2\/posts\/90\/revisions"}],"predecessor-version":[{"id":94,"href":"https:\/\/blog.espol.edu.ec\/jtigua\/wp-json\/wp\/v2\/posts\/90\/revisions\/94"}],"wp:attachment":[{"href":"https:\/\/blog.espol.edu.ec\/jtigua\/wp-json\/wp\/v2\/media?parent=90"}],"wp:term":[{"taxonomy":"category","embeddable":true,"href":"https:\/\/blog.espol.edu.ec\/jtigua\/wp-json\/wp\/v2\/categories?post=90"},{"taxonomy":"post_tag","embeddable":true,"href":"https:\/\/blog.espol.edu.ec\/jtigua\/wp-json\/wp\/v2\/tags?post=90"}],"curies":[{"name":"wp","href":"https:\/\/api.w.org\/{rel}","templated":true}]}}