{"id":75,"date":"2016-11-15T02:46:07","date_gmt":"2016-11-15T02:46:07","guid":{"rendered":"http:\/\/blog.espol.edu.ec\/kaasenci\/?p=75"},"modified":"2016-11-15T02:46:07","modified_gmt":"2016-11-15T02:46:07","slug":"clasificacion-de-conmebol-para-la-copa-mundial-de-futbol-de-2018","status":"publish","type":"post","link":"https:\/\/blog.espol.edu.ec\/kaasenci\/2016\/11\/15\/clasificacion-de-conmebol-para-la-copa-mundial-de-futbol-de-2018\/","title":{"rendered":"Clasificaci\u00f3n de Conmebol para la Copa Mundial de F\u00fatbol de 2018"},"content":{"rendered":"<p>La <b>Clasificaci\u00f3n de Conmebol para la Copa Mundial de F\u00fatbol de 2018<\/b> es el torneo que determinar\u00e1 qu\u00e9 equipos nacionales asistir\u00e1n por parte de la Confederaci\u00f3n Sudamericana de F\u00fatbol (Conmebol) a la Copa Mundial de la FIFA 2018 que se va a celebrar en Rusia. La competencia se inici\u00f3 el 8 de octubre de 2015 y finalizar\u00e1 el 10 de octubre de 2017.<\/p>\n<p>El 29 de mayo de 2015, luego del 65.\u00ba Congreso de la FIFA realizado en Z\u00farich, el presidente de la Conmebol Juan \u00c1ngel Napout anunci\u00f3 que Sudam\u00e9rica mantiene sus 4\u00bd cupos.<span style=\"font-size: 10px\"><br \/>\n<\/span>Esta decisi\u00f3n fue confirmada un d\u00eda despu\u00e9s por la FIFA tras la reuni\u00f3n de su Comit\u00e9 Ejecutivo.<\/p>\n<p><img loading=\"lazy\" decoding=\"async\" class=\"wp-image-76 aligncenter\" src=\"http:\/\/blog.espol.edu.ec\/kaasenci\/files\/2016\/11\/1024px-CONMEBOL_logo.svg_-850x478.png\" alt=\"1024px-conmebol_logo-svg\" width=\"503\" height=\"283\" srcset=\"https:\/\/blog.espol.edu.ec\/kaasenci\/files\/2016\/11\/1024px-CONMEBOL_logo.svg_-850x478.png 850w, https:\/\/blog.espol.edu.ec\/kaasenci\/files\/2016\/11\/1024px-CONMEBOL_logo.svg_-250x141.png 250w\" sizes=\"auto, (max-width: 503px) 100vw, 503px\" \/><\/p>\n","protected":false},"excerpt":{"rendered":"<p>La Clasificaci\u00f3n de Conmebol para la Copa Mundial de F\u00fatbol de 2018 es el torneo que determinar\u00e1 qu\u00e9 equipos nacionales asistir\u00e1n por parte de la Confederaci\u00f3n Sudamericana de F\u00fatbol (Conmebol) a la Copa Mundial de la FIFA 2018 que se va a celebrar en Rusia. La competencia se inici\u00f3 el 8 de octubre de 2015 [&hellip;]<\/p>\n","protected":false},"author":10687,"featured_media":0,"comment_status":"open","ping_status":"open","sticky":false,"template":"","format":"standard","meta":{"footnotes":""},"categories":[818],"tags":[],"class_list":["post-75","post","type-post","status-publish","format-standard","hentry","category-sin-categoria"],"aioseo_notices":[],"_links":{"self":[{"href":"https:\/\/blog.espol.edu.ec\/kaasenci\/wp-json\/wp\/v2\/posts\/75","targetHints":{"allow":["GET"]}}],"collection":[{"href":"https:\/\/blog.espol.edu.ec\/kaasenci\/wp-json\/wp\/v2\/posts"}],"about":[{"href":"https:\/\/blog.espol.edu.ec\/kaasenci\/wp-json\/wp\/v2\/types\/post"}],"author":[{"embeddable":true,"href":"https:\/\/blog.espol.edu.ec\/kaasenci\/wp-json\/wp\/v2\/users\/10687"}],"replies":[{"embeddable":true,"href":"https:\/\/blog.espol.edu.ec\/kaasenci\/wp-json\/wp\/v2\/comments?post=75"}],"version-history":[{"count":1,"href":"https:\/\/blog.espol.edu.ec\/kaasenci\/wp-json\/wp\/v2\/posts\/75\/revisions"}],"predecessor-version":[{"id":77,"href":"https:\/\/blog.espol.edu.ec\/kaasenci\/wp-json\/wp\/v2\/posts\/75\/revisions\/77"}],"wp:attachment":[{"href":"https:\/\/blog.espol.edu.ec\/kaasenci\/wp-json\/wp\/v2\/media?parent=75"}],"wp:term":[{"taxonomy":"category","embeddable":true,"href":"https:\/\/blog.espol.edu.ec\/kaasenci\/wp-json\/wp\/v2\/categories?post=75"},{"taxonomy":"post_tag","embeddable":true,"href":"https:\/\/blog.espol.edu.ec\/kaasenci\/wp-json\/wp\/v2\/tags?post=75"}],"curies":[{"name":"wp","href":"https:\/\/api.w.org\/{rel}","templated":true}]}}