{"id":80,"date":"2010-11-25T14:52:24","date_gmt":"2010-11-25T14:52:24","guid":{"rendered":"http:\/\/blog.espol.edu.ec\/katt\/?p=80"},"modified":"2010-11-25T14:52:24","modified_gmt":"2010-11-25T14:52:24","slug":"consejos-para-que-tu-fiesta-sea-todo-un-exito","status":"publish","type":"post","link":"https:\/\/blog.espol.edu.ec\/katt\/2010\/11\/25\/consejos-para-que-tu-fiesta-sea-todo-un-exito\/","title":{"rendered":"consejos para que tu fiesta sea todo un \u00e8xito"},"content":{"rendered":"<p>Se aproxima la Fiesta de 15 a\u00f1os y tus padres sienten que fue ayer cuando te tuvieron en sus brazos por primera vez. Pero el tiempo pasa y todo llega.<\/p>\n<p>Y esta no ser\u00e1 solamente una Fiesta de Cumplea\u00f1os m\u00e1s, es la Gran Fiesta de 15 a\u00f1os que quedar\u00e1 guardada en tu memoria y en la de tus seres queridos. En la que todos pondr\u00e1n su mejor esfuerzo para que esta Fiesta sea una Fiesta de 15 a\u00f1os inolvidable.<\/p>\n<p>Las fiestas de 15 a\u00f1os son tan importantes y costosas como las Fiestas de Bodas; pero bien vale la pena, es por eso que te aconsejamos tomar en cuenta para tu fiesta los siguientes puntos:<\/p>\n<p>Que organices tu Fiesta de XV a\u00f1os con dedicaci\u00f3n y que organices tu fiesta con anticipaci\u00f3n, para que sea como t\u00fa la so\u00f1aste.<\/p>\n<p>Aconsejamos que un a\u00f1o antes de este gran d\u00eda de tu Fiesta de 15 a\u00f1os:<\/p>\n<p>1. Armes junto a tus padres la lista de invitados y de acuerdo a la cantidad, buscar un lugar adecuado (ubicaci\u00f3n, estacionamiento, etc.)<\/p>\n<p>2. Recuerda que puedes escoger un sal\u00f3n o un jard\u00edn<br \/>\n3. Pedir presupuestos de los principales servicios de tu Fiesta como son el Banquete, el Sal\u00f3n, Organizadores de fiestas, Filmaciones, Fotos de Estudio, etc.; para tener una idea cercana de los gastos que tendr\u00e1n que cubrir<br \/>\nTe aconsejamos que aproximadamente 6 meses antes de tu Fiesta de 15 a\u00f1os pongas todo tu entusiasmo en la elecci\u00f3n del vestido, para ello podr\u00e1n ayudarte a escoger el color, largo, texturas de telas, etc. En cuanto al banquete como consejo debe haber 2 men\u00fas, uno para ni\u00f1os y otro para los adultos.<\/p>\n<p>Aproxim\u00e1ndose a los 3 meses antes de la Fiesta, es hora que elijas los centros de mesa, los arreglos para el sal\u00f3n de Fiestas o jard\u00edn y el equipamiento necesario.<\/p>\n<p>Investiga costos del alquiler del auto para el traslado a la fiesta, puedes optar una carroza, por autos antiguos, modernos, cl\u00e1sicos o limusinas, para llegar al sal\u00f3n como toda una princesa.<\/p>\n<p>Elige el que mejor se adapte al estilo de tu fiesta.<\/p>\n<p>Por \u00faltimo, empieza la b\u00fasqueda y elecci\u00f3n de los recuerdos de tu fiesta de 15 A\u00f1os.<\/p>\n<p>La m\u00fasica hace al \u00e9xito de tu Fiesta ya que la m\u00fasica es lo que le da vida a la Fiesta. Elegir el grupo y\/o sonido que sepa hacer un buen ambiente y que toque la m\u00fasica que mas guste a tus invitados.<\/p>\n<p>2 meses antes haz las pruebas del vestido para hacer los ajustes que sean necesarios. No te olvides de concertar una cita con la estilista para tu peinado y el maquillaje. Ya que hayas escogido el vestido, ve por las pruebas de peinados y maquillaje para obtener as\u00ed un peinado acorde.<br \/>\nTambi\u00e9n es conveniente mandar a hacer los recuerdos y del vestuario de los chambelanes (Para el Vals). Y este es un buen momento para comenzar a entregar las invitaciones.<\/p>\n<p>A 1 mes de tu Fiesta de 15 a\u00f1os haz la prueba final del vestido. Y 15 d\u00edas antes de la fiesta, checa los servicios contratados. Que ya est\u00e9 elegida la m\u00fasica para hacer la entrada al sal\u00f3n y las dem\u00e1s que hayas escogido para los momentos especiales.<\/p>\n<p>No te olvides de la ubicaci\u00f3n de los invitados en las mesas.<br \/>\nY no te olvides de ablandar los zapatos, para que ese d\u00eda no sea un d\u00eda de sufrimiento por culpa de un simple par de zapatos.<\/p>\n<p>Y no olvides que en tu Fiesta de 15 a\u00f1os no deben faltar:<\/p>\n<p>1. Invitaciones<\/p>\n<p>2. Centros de mesa<\/p>\n<p>3. Recuerdos<\/p>\n<p>4. Adornos de pared y puerta<br \/>\n<a href=\"http:\/\/publicalpha.com\/tips-para-que-tu-fiesta-de-quince-anos-sea-todo-un-exito-2\/\"><\/a><\/p>\n<p><a href=\"http:\/\/publicalpha.com\/tips-para-que-tu-fiesta-de-quince-anos-sea-todo-un-exito-2\/\"><\/a><a href=\"http:\/\/www.pistoya.com\/uploadimg\/productos\/13.jpg\"><img loading=\"lazy\" decoding=\"async\" class=\"aligncenter\" src=\"http:\/\/www.pistoya.com\/uploadimg\/productos\/13.jpg\" alt=\"\" width=\"230\" height=\"202\" \/><\/a><\/p>\n<p><a href=\"http:\/\/2.bp.blogspot.com\/_IL63FjlGIog\/ShrkI7-ikDI\/AAAAAAAABBY\/4Zl7QutFcFk\/s400\/quince01.jpg\"><img loading=\"lazy\" decoding=\"async\" class=\"aligncenter\" src=\"http:\/\/2.bp.blogspot.com\/_IL63FjlGIog\/ShrkI7-ikDI\/AAAAAAAABBY\/4Zl7QutFcFk\/s400\/quince01.jpg\" alt=\"\" width=\"239\" height=\"184\" \/><\/a><\/p>\n<p>fuente: <a href=\"http:\/\/publicalpha.com\/tips-para-que-tu-fiesta-de-quince-anos-sea-todo-un-exito-2\/\">publicalpha<\/a><\/p>\n","protected":false},"excerpt":{"rendered":"<p>Se aproxima la Fiesta de 15 a\u00f1os y tus padres sienten que fue ayer cuando te tuvieron en sus brazos por primera vez. Pero el tiempo pasa y todo llega. Y esta no ser\u00e1 solamente una Fiesta de Cumplea\u00f1os m\u00e1s, es la Gran Fiesta de 15 a\u00f1os que quedar\u00e1 guardada en tu memoria y en [&hellip;]<\/p>\n","protected":false},"author":5516,"featured_media":0,"comment_status":"open","ping_status":"open","sticky":false,"template":"","format":"standard","meta":{"footnotes":""},"categories":[26794],"tags":[385,42,312,140,26832],"class_list":["post-80","post","type-post","status-publish","format-standard","hentry","category-quinceanerasquincianeros","tag-consejos","tag-fiesta","tag-fotos","tag-musica","tag-quinceanos"],"_links":{"self":[{"href":"https:\/\/blog.espol.edu.ec\/katt\/wp-json\/wp\/v2\/posts\/80","targetHints":{"allow":["GET"]}}],"collection":[{"href":"https:\/\/blog.espol.edu.ec\/katt\/wp-json\/wp\/v2\/posts"}],"about":[{"href":"https:\/\/blog.espol.edu.ec\/katt\/wp-json\/wp\/v2\/types\/post"}],"author":[{"embeddable":true,"href":"https:\/\/blog.espol.edu.ec\/katt\/wp-json\/wp\/v2\/users\/5516"}],"replies":[{"embeddable":true,"href":"https:\/\/blog.espol.edu.ec\/katt\/wp-json\/wp\/v2\/comments?post=80"}],"version-history":[{"count":1,"href":"https:\/\/blog.espol.edu.ec\/katt\/wp-json\/wp\/v2\/posts\/80\/revisions"}],"predecessor-version":[{"id":81,"href":"https:\/\/blog.espol.edu.ec\/katt\/wp-json\/wp\/v2\/posts\/80\/revisions\/81"}],"wp:attachment":[{"href":"https:\/\/blog.espol.edu.ec\/katt\/wp-json\/wp\/v2\/media?parent=80"}],"wp:term":[{"taxonomy":"category","embeddable":true,"href":"https:\/\/blog.espol.edu.ec\/katt\/wp-json\/wp\/v2\/categories?post=80"},{"taxonomy":"post_tag","embeddable":true,"href":"https:\/\/blog.espol.edu.ec\/katt\/wp-json\/wp\/v2\/tags?post=80"}],"curies":[{"name":"wp","href":"https:\/\/api.w.org\/{rel}","templated":true}]}}