{"id":90,"date":"2010-12-02T16:30:11","date_gmt":"2010-12-02T16:30:11","guid":{"rendered":"http:\/\/blog.espol.edu.ec\/katt\/?p=90"},"modified":"2010-12-02T17:02:25","modified_gmt":"2010-12-02T17:02:25","slug":"escuela-superior-politecnica-del-litoral","status":"publish","type":"post","link":"https:\/\/blog.espol.edu.ec\/katt\/2010\/12\/02\/escuela-superior-politecnica-del-litoral\/","title":{"rendered":"ESCUELA SUPERIOR POLITECNICA DEL LITORAL"},"content":{"rendered":"<p style=\"text-align: justify\"><span style=\"color: #000000\"><a href=\"http:\/\/blog.espol.edu.ec\/katt\/files\/2010\/12\/espol.gif\"><img loading=\"lazy\" decoding=\"async\" class=\"alignright size-full wp-image-91\" title=\"espol\" src=\"http:\/\/blog.espol.edu.ec\/katt\/files\/2010\/12\/espol.gif\" alt=\"\" width=\"103\" height=\"102\" \/><\/a><\/span>\u00a0<\/p>\n<p style=\"text-align: justify\"><span style=\"color: #000000\"><br \/>\n<\/span>\u00a0<\/p>\n<p style=\"text-align: justify\"><span style=\"color: #000000\"><br \/>\n<\/span>\u00a0<\/p>\n<p style=\"text-align: justify\"><span style=\"color: #000000\"><br \/>\n<\/span>\u00a0<\/p>\n<p style=\"text-align: justify\"><span style=\"color: #000000\"><br \/>\n<\/span>\u00a0<\/p>\n<p style=\"text-align: justify\"><span style=\"color: #000000\"><strong><a>Misi\u00f3n<\/a><\/strong><br \/>\nFormar profesionales de excelencia, l\u00edderes, emprendedores, con s\u00f3lidos valores morales y \u00e9ticos que contribuyan al desarrollo del pa\u00eds, para mejorarlo en lo social, econ\u00f3mico, ambiental y pol\u00edtico. Hacer investigaci\u00f3n, transferencia de tecnolog\u00eda y extensi\u00f3n de calidad para servir a la sociedad.<\/span>\u00a0<\/p>\n<p><strong><a>Visi\u00f3n<\/a><\/strong><br \/>\nSer l\u00edder y referente de la Educaci\u00f3n Superior de Am\u00e9rica Latina. \ufeff\u00a0<\/p>\n<p style=\"text-align: justify\"><span style=\"color: #000000\"><br \/>\n<\/span>\u00a0<\/p>\n<p style=\"text-align: justify\"><strong>Campus<\/strong>\u00a0<\/p>\n<p style=\"text-align: justify\">Las actividades acad\u00e9micas y de investigaci\u00f3n las desarrolla en 6 campus:\u00a0<\/p>\n<ul style=\"text-align: justify\">\n<li>Gustado Galindo. Ubicado en Guayaquil, tiene una extensi\u00f3n de 724 ha, est\u00e1 ubicado en el km 30,5 de la v\u00eda Perimetral, es el asiento de la administraci\u00f3n central y de la mayor\u00eda de las carreras de pregrado que oferta la ESPOL. Su infraestructura es el resultado del Plan de Desarrollo 1983-1992 que se financi\u00f3 con el pr\u00e9stamo BID-ESPOL II.<\/li>\n<li>Las Pe\u00f1as. Tiene una extensi\u00f3n de 2,5 ha. Est\u00e1 ubicado al pie del barrio m\u00e1s antiguo de la ciudad de Guayaquil.<\/li>\n<li>CENAIM. La Fundaci\u00f3n CENAIM-ESPOL tiene su sede principal de investigaci\u00f3n en San Pedro de Manglaralto, en la ruta del Sol de la Pen\u00ednsula de Santa Elena.<\/li>\n<li>Santa Elena. Est\u00e1 ubicado en la cabecera del cant\u00f3n del mismo nombre, oferta carreras vinculadas a las Tecnolog\u00edas Pesquera y Computacional.<\/li>\n<li>Daule. Est\u00e1 ubicado a 46 km<a title=\"Km\" href=\"http:\/\/es.wikipedia.org\/wiki\/Km\"><\/a> al norte de Guayaquil, trabaja espec\u00edficamente en el campo de la agricultura, formando bachilleres y tecn\u00f3logos, en estrecha conexi\u00f3n con el sector productivo, especialmente arrocero.<\/li>\n<li>Samborond\u00f3n. Ubicado en la entrada del cant\u00f3n del mismo nombre, oferta las carreras de Secretariado Ejecutivo y Programaci\u00f3n de Sistemas.<\/li>\n<\/ul>\n<p style=\"text-align: justify\">\u00a0<\/p>\n<p><object classid=\"clsid:d27cdb6e-ae6d-11cf-96b8-444553540000\" width=\"480\" height=\"385\"><param name=\"allowFullScreen\" value=\"true\" \/><param name=\"allowscriptaccess\" value=\"always\" \/><param name=\"src\" value=\"http:\/\/www.youtube.com\/v\/Byncmb3oZqI?fs=1&amp;hl=es_ES\" \/><param name=\"allowfullscreen\" value=\"true\" \/><embed type=\"application\/x-shockwave-flash\" width=\"480\" height=\"385\" src=\"http:\/\/www.youtube.com\/v\/Byncmb3oZqI?fs=1&amp;hl=es_ES\" allowfullscreen=\"true\" allowscriptaccess=\"always\"><\/embed><\/object>\u00a0<\/p>\n<p>AQUI UN RANKING DONDE ENCONTRAMOS A LA ESPOL EN EL PRIMER LUGAR A NIVEL DE ENTRE TODAS LAS UNIVERSIDADES DEL ECUADOR.\u00a0<\/p>\n<p>VISITE ESTA PAGINA:<a href=\"http:\/\/www.webometrics.info\/rank_by_country.asp?country=ec\"> webometrics<\/a>\u00a0<\/p>\n<p><strong>FOTOS ESPOL<\/strong>\u00a0<\/p>\n<p style=\"text-align: center\"><a href=\"http:\/\/blog.espol.edu.ec\/katt\/files\/2010\/12\/4840981041_7d7dfec861_m.jpg\"><img loading=\"lazy\" decoding=\"async\" class=\"size-full wp-image-93 aligncenter\" title=\"4840981041_7d7dfec861_m\" src=\"http:\/\/blog.espol.edu.ec\/katt\/files\/2010\/12\/4840981041_7d7dfec861_m.jpg\" alt=\"\" width=\"240\" height=\"180\" \/><\/a>\u00a0<\/p>\n<p style=\"text-align: justify\">aqui vemos al grupo de CHEERLEADERS de la Espol mostrando una sonrisa para la foto del recuerdo.\u00a0<\/p>\n<p style=\"text-align: center\"><a href=\"http:\/\/blog.espol.edu.ec\/katt\/files\/2010\/12\/4842168584_3281233d71_m.jpg\"><img loading=\"lazy\" decoding=\"async\" class=\"size-full wp-image-94 aligncenter\" title=\"4842168584_3281233d71_m\" src=\"http:\/\/blog.espol.edu.ec\/katt\/files\/2010\/12\/4842168584_3281233d71_m.jpg\" alt=\"\" width=\"240\" height=\"160\" \/><\/a>\u00a0<\/p>\n<p style=\"text-align: justify\">estudiantes asistiendo al programas de los miercoles culturales que realiza la espol.\u00a0<\/p>\n<p style=\"text-align: center\"><a href=\"http:\/\/blog.espol.edu.ec\/katt\/files\/2010\/12\/4875405249_8b489908b3_s.jpg\"><img loading=\"lazy\" decoding=\"async\" class=\"size-full wp-image-95 aligncenter\" title=\"4875405249_8b489908b3_s\" src=\"http:\/\/blog.espol.edu.ec\/katt\/files\/2010\/12\/4875405249_8b489908b3_s.jpg\" alt=\"\" width=\"151\" height=\"144\" \/><\/a>\u00a0<\/p>\n<p style=\"text-align: justify\">los estudiantes de la universidad siempre estan bien, cuidando su salud.\u00a0<\/p>\n<p style=\"text-align: justify\"><strong>SERVICIOS DE LA ESPOL<\/strong>\u00a0<\/p>\n<ul>\n<li><a href=\"https:\/\/www.mail.espol.edu.ec\/horde\/imp\/login.php\">MAIL<\/a>.- a travez de este servicio usted estudiante de la espol podra consultar el correo de su cuenta electronica por medio de la web.<\/li>\n<li><a href=\"http:\/\/www.youtube.com\/espol50\">YOU TUBE<\/a>.- cuenta tambien con una pagina en este medio donde se podran ver los videos de la espol, clases, eventos y todo lo que ocurre alli.<\/li>\n<li><a href=\"https:\/\/www.academico.espol.edu.ec\/login.aspx?ReturnUrl=%2fUI%2fVarios%2fdefault.aspx\">ACADEMICO EN LINEA<\/a>.- A trav\u00e9s de este servicio que ofrece la ESPOL, usted podr\u00e1 consultar su informaci\u00f3n acad\u00e9mica y registrar sus materias de estudio. S\u00f3lo debe ingresar su usuario y contrase\u00f1a de ESPOL!!!.aqui: <a href=\"https:\/\/www.academico.espol.edu.ec\/login.aspx?ReturnUrl=%2fUI%2fVarios%2fdefault.aspx\">academico espol<\/a><\/li>\n<li><a href=\"https:\/\/www.sidweb.espol.edu.ec\/\">SIDWEB<\/a>.- aqui un estudiante espol podra ver las materias registradas y ver alguna informacion a cerca de esa materia, como anuncios, deberes, lecciones, archivos que el profesor vea conveniente dar al estudiante registrado en su materia.<\/li>\n<li><a href=\"http:\/\/www.facebook.com\/espol\">FACEBOOK<\/a>.- si queremos saber mas de la espol lo podemos hacer por medio de este red social, asi que a visitarla.<\/li>\n<li>\u00a0<a href=\"http:\/\/www.flickr.com\/photos\/vaeb_espol\">FLICKR<\/a>.- aqui podemos ver fotos acerca de los acontecimientos que se realizan en la espol, en esta galeria de fotos.<\/li>\n<li><a href=\"http:\/\/www.academico.espol.edu.ec\/postgrados\/principal.aspx\">ACADEMICO EN LINEA POSTGRADO<\/a>.-\u00a0La educaci\u00f3n de cuarto nivel, en la actualidad responde a la necesidad permanente de la actualizaci\u00f3n de conocimientos, por ello en la ESPOL, ofrecemos maestr\u00edas, especializaciones y diplomados en una amplia variedad de t\u00f3picos, con personal docente de alto nivel, tanto nacionales como extranjeros.<\/li>\n<\/ul>\n","protected":false},"excerpt":{"rendered":"<p>\u00a0 \u00a0 \u00a0 \u00a0 \u00a0 Misi\u00f3n Formar profesionales de excelencia, l\u00edderes, emprendedores, con s\u00f3lidos valores morales y \u00e9ticos que contribuyan al desarrollo del pa\u00eds, para mejorarlo en lo social, econ\u00f3mico, ambiental y pol\u00edtico. Hacer investigaci\u00f3n, transferencia de tecnolog\u00eda y extensi\u00f3n de calidad para servir a la sociedad.\u00a0 Visi\u00f3n Ser l\u00edder y referente de la Educaci\u00f3n [&hellip;]<\/p>\n","protected":false},"author":5516,"featured_media":0,"comment_status":"open","ping_status":"open","sticky":false,"template":"","format":"standard","meta":{"footnotes":""},"categories":[6],"tags":[1202,32652,312,375,130],"class_list":["post-90","post","type-post","status-publish","format-standard","hentry","category-espol","tag-descripcion","tag-espol","tag-fotos","tag-servicios","tag-videos"],"_links":{"self":[{"href":"https:\/\/blog.espol.edu.ec\/katt\/wp-json\/wp\/v2\/posts\/90","targetHints":{"allow":["GET"]}}],"collection":[{"href":"https:\/\/blog.espol.edu.ec\/katt\/wp-json\/wp\/v2\/posts"}],"about":[{"href":"https:\/\/blog.espol.edu.ec\/katt\/wp-json\/wp\/v2\/types\/post"}],"author":[{"embeddable":true,"href":"https:\/\/blog.espol.edu.ec\/katt\/wp-json\/wp\/v2\/users\/5516"}],"replies":[{"embeddable":true,"href":"https:\/\/blog.espol.edu.ec\/katt\/wp-json\/wp\/v2\/comments?post=90"}],"version-history":[{"count":6,"href":"https:\/\/blog.espol.edu.ec\/katt\/wp-json\/wp\/v2\/posts\/90\/revisions"}],"predecessor-version":[{"id":97,"href":"https:\/\/blog.espol.edu.ec\/katt\/wp-json\/wp\/v2\/posts\/90\/revisions\/97"}],"wp:attachment":[{"href":"https:\/\/blog.espol.edu.ec\/katt\/wp-json\/wp\/v2\/media?parent=90"}],"wp:term":[{"taxonomy":"category","embeddable":true,"href":"https:\/\/blog.espol.edu.ec\/katt\/wp-json\/wp\/v2\/categories?post=90"},{"taxonomy":"post_tag","embeddable":true,"href":"https:\/\/blog.espol.edu.ec\/katt\/wp-json\/wp\/v2\/tags?post=90"}],"curies":[{"name":"wp","href":"https:\/\/api.w.org\/{rel}","templated":true}]}}