{"id":81,"date":"2009-11-23T16:43:27","date_gmt":"2009-11-23T20:43:27","guid":{"rendered":"http:\/\/blog.espol.edu.ec\/kmite\/?p=81"},"modified":"2009-11-23T16:43:27","modified_gmt":"2009-11-23T20:43:27","slug":"energia-eolica-en-galapagos","status":"publish","type":"post","link":"https:\/\/blog.espol.edu.ec\/kmite\/2009\/11\/23\/energia-eolica-en-galapagos\/","title":{"rendered":"Energ\u00eda e\u00f3lica en Gal\u00e1pagos"},"content":{"rendered":"<p><img loading=\"lazy\" decoding=\"async\" src=\"http:\/\/blog.espol.edu.ec\/kmite\/files\/2009\/11\/galapagos-eolica-300x230.jpg\" alt=\"galapagos-eolica\" width=\"300\" height=\"230\" class=\"aligncenter size-medium wp-image-82\" srcset=\"https:\/\/blog.espol.edu.ec\/kmite\/files\/2009\/11\/galapagos-eolica-300x230.jpg 300w, https:\/\/blog.espol.edu.ec\/kmite\/files\/2009\/11\/galapagos-eolica.jpg 533w\" sizes=\"auto, (max-width: 300px) 100vw, 300px\" \/>Mi mam\u00e1 dice: \u201cNoticia bomba llegada en tortuga\u201d.   Ya me com\u00ed dos d\u00edas tratando de publicar esta noticia, pero la verdad he estado lleno de ocupaciones que impiden el blogueo.   De vez en cuando toca trabajar.<br \/>\nMe ha alegrado mucho este proyecto, el de contar con energ\u00eda e\u00f3lica en Gal\u00e1pagos, toda vez que es muy sensible el ecosistema all\u00e1.   Recuerdo que se me \u201cespeluc\u00f3\u201d -no de peluc\u00f3n, por si acaso- la piel cuando el buque J\u00e9ssica derram\u00f3 mucho combustible.   En fin, el tema es que esto no es bueno, es excelente para la regi\u00f3n.<br \/>\nSeg\u00fan los planes, se espera que para el 2015 Gal\u00e1pagos sea declarada zona libre de combustibles f\u00f3siles del pa\u00eds.   Bien por Ecuador y bien por el turismo, que es lo que sustenta la regi\u00f3n.<br \/>\nRafael Correa inaugur\u00f3 este proyecto el lunes 18 de febrero, celebrando los 500 a\u00f1os de descubrimiento del archipi\u00e9lago.   Pero ojo, que el cr\u00e9dito de esta empresa no es del gobierno per s\u00e9 (el proyecto ya hab\u00eda sido aprobado por el CONELEC en el 2004), sino que detr\u00e1s del proyecto est\u00e1n dos socios m\u00e1s: un consorcio internacional llamado E8 (compa\u00f1\u00edas el\u00e9ctricas de pa\u00edses del G8), y las Naciones Unidas; proyecto que ya est\u00e1 convertido en un fideicomiso.<br \/>\nEl sistema como tal provee entre 60 y 80 por ciento de las necesidades energ\u00e9ticas de San Crist\u00f3bal, la segunda isla m\u00e1s poblada de Gal\u00e1pagos.<br \/>\nComo dato curioso, se tuvo que cambiar la ubicaci\u00f3n de las turbinas dos veces: sendos estudios demostraban que la ubicaci\u00f3n que se hab\u00eda elegido atentaba contra las zonas migratorias de vuelo de petreles, aves en peligro de extinci\u00f3n.<br \/>\nOtro dato curioso, pero solamente para aquellos que viven fuera del Ecuador (los que aqu\u00ed vivismos sabemos que es nuestro pan de cada d\u00eda): Dennis Welch, vicepresidente de American Electric Power (AEP), as\u00ed como Jim Tolen, uno de los principales responsables del proyecto del parque e\u00f3lico, indicaron que las mayores dificultades provinieron del \u201cturbulento mundo pol\u00edtico de Ecuador\u201d.<br \/>\n\u201cDesde el inicio del proyecto, Ecuador tuvo varios presidentes y tuvimos que tratar con varios ministros. Con cada cambio de administraci\u00f3n ten\u00edamos que empezar de nuevo y explicar todo desde el principio\u201d, afirm\u00f3 Tolen.   Welch se\u00f1al\u00f3 que en varias ocasiones AEP tuvo dificultades para justificar su presencia en el proyecto ante los obst\u00e1culos pol\u00edticos.<br \/>\n\u201cAl final nos dimos cuenta de que los animales son m\u00e1s predecibles que las personas\u201d. <\/p>\n<p><a href=\"http:\/\/elecuadordehoy.org\/2008\/02\/20\/energia-eolica-en-galapagos\/\"><\/p>\n","protected":false},"excerpt":{"rendered":"<p>Mi mam\u00e1 dice: \u201cNoticia bomba llegada en tortuga\u201d. Ya me com\u00ed dos d\u00edas tratando de publicar esta noticia, pero la verdad he estado lleno de ocupaciones que impiden el blogueo. De vez en cuando toca trabajar. Me ha alegrado mucho este proyecto, el de contar con energ\u00eda e\u00f3lica en Gal\u00e1pagos, toda vez que es muy [&hellip;]<\/p>\n","protected":false},"author":1994,"featured_media":0,"comment_status":"open","ping_status":"open","sticky":false,"template":"","format":"standard","meta":{"footnotes":""},"categories":[128],"tags":[],"class_list":["post-81","post","type-post","status-publish","format-standard","hentry","category-noticias"],"_links":{"self":[{"href":"https:\/\/blog.espol.edu.ec\/kmite\/wp-json\/wp\/v2\/posts\/81","targetHints":{"allow":["GET"]}}],"collection":[{"href":"https:\/\/blog.espol.edu.ec\/kmite\/wp-json\/wp\/v2\/posts"}],"about":[{"href":"https:\/\/blog.espol.edu.ec\/kmite\/wp-json\/wp\/v2\/types\/post"}],"author":[{"embeddable":true,"href":"https:\/\/blog.espol.edu.ec\/kmite\/wp-json\/wp\/v2\/users\/1994"}],"replies":[{"embeddable":true,"href":"https:\/\/blog.espol.edu.ec\/kmite\/wp-json\/wp\/v2\/comments?post=81"}],"version-history":[{"count":1,"href":"https:\/\/blog.espol.edu.ec\/kmite\/wp-json\/wp\/v2\/posts\/81\/revisions"}],"predecessor-version":[{"id":83,"href":"https:\/\/blog.espol.edu.ec\/kmite\/wp-json\/wp\/v2\/posts\/81\/revisions\/83"}],"wp:attachment":[{"href":"https:\/\/blog.espol.edu.ec\/kmite\/wp-json\/wp\/v2\/media?parent=81"}],"wp:term":[{"taxonomy":"category","embeddable":true,"href":"https:\/\/blog.espol.edu.ec\/kmite\/wp-json\/wp\/v2\/categories?post=81"},{"taxonomy":"post_tag","embeddable":true,"href":"https:\/\/blog.espol.edu.ec\/kmite\/wp-json\/wp\/v2\/tags?post=81"}],"curies":[{"name":"wp","href":"https:\/\/api.w.org\/{rel}","templated":true}]}}