{"id":84,"date":"2009-11-23T16:50:21","date_gmt":"2009-11-23T20:50:21","guid":{"rendered":"http:\/\/blog.espol.edu.ec\/kmite\/?p=84"},"modified":"2009-11-23T16:50:21","modified_gmt":"2009-11-23T20:50:21","slug":"ecuador-tendra-su-primer-parque-de-energia-eolica","status":"publish","type":"post","link":"https:\/\/blog.espol.edu.ec\/kmite\/2009\/11\/23\/ecuador-tendra-su-primer-parque-de-energia-eolica\/","title":{"rendered":"Ecuador tendr\u00e1 su primer parque de energ\u00eda e\u00f3lica"},"content":{"rendered":"<p><img loading=\"lazy\" decoding=\"async\" src=\"http:\/\/blog.espol.edu.ec\/kmite\/files\/2009\/11\/672658449_7f4edc3f0c-300x199.jpg\" alt=\"672658449_7f4edc3f0c\" width=\"300\" height=\"199\" class=\"aligncenter size-medium wp-image-85\" srcset=\"https:\/\/blog.espol.edu.ec\/kmite\/files\/2009\/11\/672658449_7f4edc3f0c-300x199.jpg 300w, https:\/\/blog.espol.edu.ec\/kmite\/files\/2009\/11\/672658449_7f4edc3f0c.jpg 500w\" sizes=\"auto, (max-width: 300px) 100vw, 300px\" \/><br \/>\nEcuador comienza a preocuparse por las energ\u00edas renovables y ha inaugurado el primer parque de energ\u00eda e\u00f3lica del pa\u00eds. Y nada menos que en una de las Islas Gal\u00e1pagos.<br \/>\nEl nuevo complejo energ\u00e9tico est\u00e1 funcionando ya en la isla San Crist\u00f3bal, generar\u00e1 2.5 megavatios de energ\u00eda y cost\u00f3 10 millones de d\u00f3lares.<\/p>\n<p>El gobierno ecuatoriano quiere crecer en energ\u00edas renovables, y planean hacerlo primero en las Islas Gal\u00e1pagos. El ministro de energ\u00eda, Alecksey Mosquera, dijo que all\u00ed esperan tener sus primeras plantas, ya que quieren tener energ\u00eda propia y renovable.<br \/>\nEl complejo, por ahora cuenta con tres aerogeneradores de 80 metros de altura, que est\u00e1n ubicados en una parte elevada de la isla San Crist\u00f3bal.<br \/>\nLas islas gal\u00e1pagos est\u00e1n protegidas por su incre\u00edble fauna aut\u00f3ctona, as\u00ed que el hecho de que se pasen a las energ\u00edas renovables para dejar de contaminar esa regi\u00f3n privilegiada, es una muy buena noticia. La Ministra de Ambiente, Marcela Agui\u00f1aga, dej\u00f3 en claro que su prioridad es mantener el equilibrio entre la conservaci\u00f3n de la naturaleza y el hombre.<\/p>\n","protected":false},"excerpt":{"rendered":"<p>Ecuador comienza a preocuparse por las energ\u00edas renovables y ha inaugurado el primer parque de energ\u00eda e\u00f3lica del pa\u00eds. Y nada menos que en una de las Islas Gal\u00e1pagos. El nuevo complejo energ\u00e9tico est\u00e1 funcionando ya en la isla San Crist\u00f3bal, generar\u00e1 2.5 megavatios de energ\u00eda y cost\u00f3 10 millones de d\u00f3lares. El gobierno ecuatoriano [&hellip;]<\/p>\n","protected":false},"author":1994,"featured_media":0,"comment_status":"open","ping_status":"open","sticky":false,"template":"","format":"standard","meta":{"footnotes":""},"categories":[128],"tags":[],"class_list":["post-84","post","type-post","status-publish","format-standard","hentry","category-noticias"],"_links":{"self":[{"href":"https:\/\/blog.espol.edu.ec\/kmite\/wp-json\/wp\/v2\/posts\/84","targetHints":{"allow":["GET"]}}],"collection":[{"href":"https:\/\/blog.espol.edu.ec\/kmite\/wp-json\/wp\/v2\/posts"}],"about":[{"href":"https:\/\/blog.espol.edu.ec\/kmite\/wp-json\/wp\/v2\/types\/post"}],"author":[{"embeddable":true,"href":"https:\/\/blog.espol.edu.ec\/kmite\/wp-json\/wp\/v2\/users\/1994"}],"replies":[{"embeddable":true,"href":"https:\/\/blog.espol.edu.ec\/kmite\/wp-json\/wp\/v2\/comments?post=84"}],"version-history":[{"count":2,"href":"https:\/\/blog.espol.edu.ec\/kmite\/wp-json\/wp\/v2\/posts\/84\/revisions"}],"predecessor-version":[{"id":87,"href":"https:\/\/blog.espol.edu.ec\/kmite\/wp-json\/wp\/v2\/posts\/84\/revisions\/87"}],"wp:attachment":[{"href":"https:\/\/blog.espol.edu.ec\/kmite\/wp-json\/wp\/v2\/media?parent=84"}],"wp:term":[{"taxonomy":"category","embeddable":true,"href":"https:\/\/blog.espol.edu.ec\/kmite\/wp-json\/wp\/v2\/categories?post=84"},{"taxonomy":"post_tag","embeddable":true,"href":"https:\/\/blog.espol.edu.ec\/kmite\/wp-json\/wp\/v2\/tags?post=84"}],"curies":[{"name":"wp","href":"https:\/\/api.w.org\/{rel}","templated":true}]}}