{"id":31,"date":"2016-05-29T09:37:06","date_gmt":"2016-05-29T14:37:06","guid":{"rendered":"http:\/\/blog.espol.edu.ec\/kvilela\/?p=31"},"modified":"2016-06-02T07:43:15","modified_gmt":"2016-06-02T12:43:15","slug":"a-la-melancolia-federico-nietzsche","status":"publish","type":"post","link":"https:\/\/blog.espol.edu.ec\/kvilela\/a-la-melancolia-federico-nietzsche\/","title":{"rendered":"A la melancol\u00eda \/ Federico Nietzsche"},"content":{"rendered":"<p><img loading=\"lazy\" decoding=\"async\" class=\"wp-image-146 \" src=\"http:\/\/blog.espol.edu.ec\/kvilela\/files\/2016\/05\/menina-lendo.jpg\" alt=\"\" width=\"383\" height=\"257\" \/><\/p>\n<p>Que yo aguce la pluma en tu alabanza<br \/>\nE inclinando la frente pensativa,<br \/>\nArdiendo en tus loores, yo me siente<br \/>\nSolitario en un tronco. \u00a1Tantas veces!<br \/>\nTu me viste -era ayer, bien lo recuerdo-<br \/>\nBa\u00f1ado en los fulgores matutinos<br \/>\nDel sol ardiente! All\u00e1 en el hondo valle<br \/>\nGraznaba el buitre de bot\u00edn sediento ...<br \/>\nEs que so\u00f1aba en un cad\u00e1ver yerto<br \/>\nAll\u00e1 en el yerto tronco abandonado.<\/p>\n<p><!--more--><\/p>\n<p>\u00a1Ah, c\u00f3mo te enga\u00f1abas, ave t\u00e9trica,<br \/>\nAun cuando yo, cual una momia, inm\u00f3vil,<br \/>\nSegu\u00eda all\u00ed en mi tronco! No ve\u00edas<br \/>\nMis ojos, no; los ojos que extasiados<br \/>\nAqu\u00ed y all\u00e1 rodaban, fulgurantes<br \/>\nDe altivez. Y por m\u00e1s que a tus sublimes<br \/>\nAlturas remontarse no pod\u00edan,<br \/>\nDonde acceso las m\u00e1s lejanas nubes<br \/>\nNo tienen, tanto m\u00e1s profundamente<br \/>\nEn el abismo de la vida hund\u00edanse<br \/>\nPara dejarlo todo iluminado<br \/>\nCon la divina luz de sus rel\u00e1mpagos.<\/p>\n<p>As\u00ed sentado en medio las profundas<br \/>\nSoledades, pasaba yo las horas<br \/>\nRudamente encorvado, a semejanza<br \/>\nDel b\u00e1rbaro presente al sacrificio,<br \/>\nPensando siempre en ti, Melancol\u00eda.<br \/>\n\u00a1Tan joven todav\u00eda y penitente!<br \/>\nAs\u00ed yo me gozaba en el magn\u00edfico<br \/>\nVuelo del buitre, en el rodar tronante<br \/>\nDe los aludes que la selva aplastan;<br \/>\nY all\u00ed me hablabas t\u00fa, deidad que ignoras<br \/>\nLa ruindad tan humana del enga\u00f1o;<br \/>\nAll\u00ed me hablabas \u00edntima y sincera<br \/>\nAunque con faz severa, aterradora.<br \/>\nY t\u00fa, ruda deidad, que del granito<br \/>\nPosees la firmeza, oh t\u00fa, mi amiga,<br \/>\nGustas a m\u00ed cercana aparecerte;<br \/>\nCon gesto de amenaza t\u00fa me muestras<br \/>\nEl siniestro volar del buitre hambriento<br \/>\nY el desplomarse del alud gigante,<br \/>\nDeseoso de aplastarme. En torno m\u00edo<br \/>\nRespira jadeante y rechinando<br \/>\nUn anhelo feroz de sanguinaria<br \/>\nCrueldad, con un deseo obsesionante<br \/>\nDe arrancar por doquier vida a zarpazos.<br \/>\nLa solitaria flor por mariposas<br \/>\nSuspira tentadora all\u00e1 en la pe\u00f1a.<\/p>\n<p>Yo soy todo esto -si\u00e9ntolo temblando-<br \/>\nEnamorada mariposa, dulce<br \/>\nFlor solitaria, el buitre carnicero<br \/>\nY el arroyuelo helado y el terrible<br \/>\nRugir de la borrasca -todo, todo<br \/>\nPara tu gloria y en tu prez perpetua;<br \/>\nOh t\u00fa, diosa feroz, a quien postrado<br \/>\nY humillada la frente, entre gemidos<br \/>\nMi temerosa voz levanta un himno<br \/>\nGimiente, suplicando me concedas<br \/>\nDe vida, vida, vida, estar sediento<br \/>\nS\u00fafreme ahora, oh t\u00fa, deidad maligna,<br \/>\nQue con gentiles rimas te corone.<\/p>\n<p>Si tiembla todo aquel a quien te acercas,<br \/>\nSi se estremece aquel a quien alargas<br \/>\nLa despiadada diestra, en tu presencia<br \/>\nTemblando balbuceo este mi canto<br \/>\nY me estremezco en mis convulsos ritmos;<br \/>\nLa tinta fluye, viva centellea<br \/>\nLa aguda pluma; ahora oh, diosa, diosa,<br \/>\nD\u00e9jame libre y libre me gobierne.<\/p>\n","protected":false},"excerpt":{"rendered":"<p>Que yo aguce la pluma en tu alabanza E inclinando la frente pensativa, Ardiendo en tus loores, yo me siente Solitario en un tronco. \u00a1Tantas veces! Tu me viste -era ayer, bien lo recuerdo- Ba\u00f1ado en los fulgores matutinos Del sol ardiente! All\u00e1 en el hondo valle Graznaba el buitre de bot\u00edn sediento ... Es [&hellip;]<\/p>\n","protected":false},"author":10351,"featured_media":0,"comment_status":"open","ping_status":"open","sticky":false,"template":"","format":"standard","meta":{"footnotes":""},"categories":[701],"tags":[1346683],"class_list":["post-31","post","type-post","status-publish","format-standard","hentry","category-poemas","tag-melancolia"],"_links":{"self":[{"href":"https:\/\/blog.espol.edu.ec\/kvilela\/wp-json\/wp\/v2\/posts\/31","targetHints":{"allow":["GET"]}}],"collection":[{"href":"https:\/\/blog.espol.edu.ec\/kvilela\/wp-json\/wp\/v2\/posts"}],"about":[{"href":"https:\/\/blog.espol.edu.ec\/kvilela\/wp-json\/wp\/v2\/types\/post"}],"author":[{"embeddable":true,"href":"https:\/\/blog.espol.edu.ec\/kvilela\/wp-json\/wp\/v2\/users\/10351"}],"replies":[{"embeddable":true,"href":"https:\/\/blog.espol.edu.ec\/kvilela\/wp-json\/wp\/v2\/comments?post=31"}],"version-history":[{"count":10,"href":"https:\/\/blog.espol.edu.ec\/kvilela\/wp-json\/wp\/v2\/posts\/31\/revisions"}],"predecessor-version":[{"id":147,"href":"https:\/\/blog.espol.edu.ec\/kvilela\/wp-json\/wp\/v2\/posts\/31\/revisions\/147"}],"wp:attachment":[{"href":"https:\/\/blog.espol.edu.ec\/kvilela\/wp-json\/wp\/v2\/media?parent=31"}],"wp:term":[{"taxonomy":"category","embeddable":true,"href":"https:\/\/blog.espol.edu.ec\/kvilela\/wp-json\/wp\/v2\/categories?post=31"},{"taxonomy":"post_tag","embeddable":true,"href":"https:\/\/blog.espol.edu.ec\/kvilela\/wp-json\/wp\/v2\/tags?post=31"}],"curies":[{"name":"wp","href":"https:\/\/api.w.org\/{rel}","templated":true}]}}