{"id":13,"date":"2011-06-08T15:24:45","date_gmt":"2011-06-08T15:24:45","guid":{"rendered":"http:\/\/blog.espol.edu.ec\/laberintossinsalida\/?p=13"},"modified":"2011-06-08T15:24:45","modified_gmt":"2011-06-08T15:24:45","slug":"agregale-a-tus-dias-un-me-amo-frente-al-espejo","status":"publish","type":"post","link":"https:\/\/blog.espol.edu.ec\/laberintossinsalida\/2011\/06\/08\/agregale-a-tus-dias-un-me-amo-frente-al-espejo\/","title":{"rendered":"Agr\u00e9gale a tus d\u00edas un ''Me amo'' frente al espejo."},"content":{"rendered":"<p><strong>Ser adolescente es f\u00e1cil. Bueno, dependiendo de los dramas que a\u00f1adas en tu vida. <\/strong><\/p>\n<p><strong>\u00bfAlguna vez pensaste que no val\u00edas nada? -Supongo que s\u00ed, es m\u00e1s no eres anormal, toda persona llega a ese estado pat\u00e9tico de depresi\u00f3n.. Pero, \u00bfQu\u00e9 hacer? \u00bfC\u00f3mo evadir esos pensamientos? -No soy la indicada para responder estas preguntas ya que cada ser tiene un astro diferente, lo que si puedo decirte es que busques en tu interior. Reflexiona cada acci\u00f3n, todos tenemos un prop\u00f3sito de vida, una meta, un sue\u00f1o que alcanzar y por eso vives, para servir a tus ideas y a tu ser.<br \/>\nPara que andar por la vida queriendo bajar estrellas o esperando que te las bajen, si tienes una estrella en tu interior; esa que sin darte cuenta se enciende con una sonrisa. \u00bfNo me crees? \u00bfEntonces por qu\u00e9 te brillan los ojos y los dientes cuando sonr\u00edes? Ya ves, t\u00fa decides c\u00f3mo y cuando hacerla brillar. Somos inmensamente geniales y por ello tenemos que asignar un enorme valor a nuestras vidas.<br \/>\nRecuerda que para poder amar a alguien tienes que empezar por ti!<a href=\"http:\/\/blog.espol.edu.ec\/laberintossinsalida\/files\/2011\/06\/tumblr_lh26pyw6RA1qe1pluo1_5003.jpg\"><img loading=\"lazy\" decoding=\"async\" class=\"alignright size-medium wp-image-14\" title=\"tumblr_lh26pyw6RA1qe1pluo1_500\" src=\"http:\/\/blog.espol.edu.ec\/laberintossinsalida\/files\/2011\/06\/tumblr_lh26pyw6RA1qe1pluo1_5003-300x222.jpg\" alt=\"\" width=\"300\" height=\"222\" srcset=\"https:\/\/blog.espol.edu.ec\/laberintossinsalida\/files\/2011\/06\/tumblr_lh26pyw6RA1qe1pluo1_5003-300x222.jpg 300w, https:\/\/blog.espol.edu.ec\/laberintossinsalida\/files\/2011\/06\/tumblr_lh26pyw6RA1qe1pluo1_5003.jpg 320w\" sizes=\"auto, (max-width: 300px) 100vw, 300px\" \/><\/a><br \/>\n<\/strong><\/p>\n","protected":false},"excerpt":{"rendered":"<p>Ser adolescente es f\u00e1cil. Bueno, dependiendo de los dramas que a\u00f1adas en tu vida. \u00bfAlguna vez pensaste que no val\u00edas nada? -Supongo que s\u00ed, es m\u00e1s no eres anormal, toda persona llega a ese estado pat\u00e9tico de depresi\u00f3n.. Pero, \u00bfQu\u00e9 hacer? \u00bfC\u00f3mo evadir esos pensamientos? -No soy la indicada para responder estas preguntas ya que [&hellip;]<\/p>\n","protected":false},"author":6175,"featured_media":0,"comment_status":"open","ping_status":"open","sticky":false,"template":"","format":"standard","meta":{"footnotes":""},"categories":[1],"tags":[],"class_list":["post-13","post","type-post","status-publish","format-standard","hentry","category-uncategorized"],"_links":{"self":[{"href":"https:\/\/blog.espol.edu.ec\/laberintossinsalida\/wp-json\/wp\/v2\/posts\/13","targetHints":{"allow":["GET"]}}],"collection":[{"href":"https:\/\/blog.espol.edu.ec\/laberintossinsalida\/wp-json\/wp\/v2\/posts"}],"about":[{"href":"https:\/\/blog.espol.edu.ec\/laberintossinsalida\/wp-json\/wp\/v2\/types\/post"}],"author":[{"embeddable":true,"href":"https:\/\/blog.espol.edu.ec\/laberintossinsalida\/wp-json\/wp\/v2\/users\/6175"}],"replies":[{"embeddable":true,"href":"https:\/\/blog.espol.edu.ec\/laberintossinsalida\/wp-json\/wp\/v2\/comments?post=13"}],"version-history":[{"count":1,"href":"https:\/\/blog.espol.edu.ec\/laberintossinsalida\/wp-json\/wp\/v2\/posts\/13\/revisions"}],"predecessor-version":[{"id":15,"href":"https:\/\/blog.espol.edu.ec\/laberintossinsalida\/wp-json\/wp\/v2\/posts\/13\/revisions\/15"}],"wp:attachment":[{"href":"https:\/\/blog.espol.edu.ec\/laberintossinsalida\/wp-json\/wp\/v2\/media?parent=13"}],"wp:term":[{"taxonomy":"category","embeddable":true,"href":"https:\/\/blog.espol.edu.ec\/laberintossinsalida\/wp-json\/wp\/v2\/categories?post=13"},{"taxonomy":"post_tag","embeddable":true,"href":"https:\/\/blog.espol.edu.ec\/laberintossinsalida\/wp-json\/wp\/v2\/tags?post=13"}],"curies":[{"name":"wp","href":"https:\/\/api.w.org\/{rel}","templated":true}]}}