{"id":53,"date":"2009-03-20T12:29:55","date_gmt":"2009-03-20T17:29:55","guid":{"rendered":"http:\/\/blog.espol.edu.ec\/laboratoriodemaquinariaelectrica\/?p=53"},"modified":"2009-03-31T14:54:55","modified_gmt":"2009-03-31T19:54:55","slug":"practica-11","status":"publish","type":"post","link":"https:\/\/blog.espol.edu.ec\/laboratoriodemaquinariaelectrica\/practica-11\/","title":{"rendered":"Pr\u00e1ctica #11"},"content":{"rendered":"<p><strong>Sincronizaci\u00f3n de generadores<br \/>\n<\/strong><\/p>\n<p><strong>Objetivos<\/strong><\/p>\n<ul>\n<li>Control de frecuencia y voltaje en un generador s\u00edncrono independiente con carga<\/li>\n<li>Conexi\u00f3n en paralelo de dos generadores. Conexi\u00f3n de equipos de sincronizaci\u00f3n<\/li>\n<li>Sincronizaci\u00f3n de generadores con la barra infinita<\/li>\n<li>Reparto de carga entre generadores en paralelo. Control de P y Q (tanto para generadores independientes, como conectados a la barra infinita)<\/li>\n<\/ul>\n<p><strong>Videos<\/strong><\/p>\n<ul>\n<li>Video Pr\u00e1ctica 11 (Parte <a href=\"http:\/\/www.youtube.com\/watch?v=vPZyvtZwgXY\" target=\"_blank\">I<\/a> - <a href=\"http:\/\/www.youtube.com\/watch?v=sroSn-teXLg\" target=\"_blank\">II <\/a>)<\/li>\n<\/ul>\n","protected":false},"excerpt":{"rendered":"<p>Sincronizaci\u00f3n de generadores Objetivos Control de frecuencia y voltaje en un generador s\u00edncrono independiente con carga Conexi\u00f3n en paralelo de dos generadores. Conexi\u00f3n de equipos de sincronizaci\u00f3n Sincronizaci\u00f3n de generadores con la barra infinita Reparto de carga entre generadores en paralelo. Control de P y Q (tanto para generadores independientes, como conectados a la barra [&hellip;]<\/p>\n","protected":false},"author":645,"featured_media":0,"comment_status":"open","ping_status":"open","sticky":false,"template":"","format":"standard","meta":{"_monsterinsights_skip_tracking":false,"_monsterinsights_sitenote_active":false,"_monsterinsights_sitenote_note":"","_monsterinsights_sitenote_category":0,"footnotes":""},"categories":[3569],"tags":[5537,6,5542,5538,5540,5541],"class_list":["post-53","post","type-post","status-publish","format-standard","hentry","category-practicas","tag-douglas-aguirre","tag-espol","tag-laboratorio-de-maquinarias","tag-laboratorio-de-maquinarias-electricas","tag-maquinarias-electricas","tag-sincronizacion-de-generadores"],"_links":{"self":[{"href":"https:\/\/blog.espol.edu.ec\/laboratoriodemaquinariaelectrica\/wp-json\/wp\/v2\/posts\/53","targetHints":{"allow":["GET"]}}],"collection":[{"href":"https:\/\/blog.espol.edu.ec\/laboratoriodemaquinariaelectrica\/wp-json\/wp\/v2\/posts"}],"about":[{"href":"https:\/\/blog.espol.edu.ec\/laboratoriodemaquinariaelectrica\/wp-json\/wp\/v2\/types\/post"}],"author":[{"embeddable":true,"href":"https:\/\/blog.espol.edu.ec\/laboratoriodemaquinariaelectrica\/wp-json\/wp\/v2\/users\/645"}],"replies":[{"embeddable":true,"href":"https:\/\/blog.espol.edu.ec\/laboratoriodemaquinariaelectrica\/wp-json\/wp\/v2\/comments?post=53"}],"version-history":[{"count":7,"href":"https:\/\/blog.espol.edu.ec\/laboratoriodemaquinariaelectrica\/wp-json\/wp\/v2\/posts\/53\/revisions"}],"predecessor-version":[{"id":55,"href":"https:\/\/blog.espol.edu.ec\/laboratoriodemaquinariaelectrica\/wp-json\/wp\/v2\/posts\/53\/revisions\/55"}],"wp:attachment":[{"href":"https:\/\/blog.espol.edu.ec\/laboratoriodemaquinariaelectrica\/wp-json\/wp\/v2\/media?parent=53"}],"wp:term":[{"taxonomy":"category","embeddable":true,"href":"https:\/\/blog.espol.edu.ec\/laboratoriodemaquinariaelectrica\/wp-json\/wp\/v2\/categories?post=53"},{"taxonomy":"post_tag","embeddable":true,"href":"https:\/\/blog.espol.edu.ec\/laboratoriodemaquinariaelectrica\/wp-json\/wp\/v2\/tags?post=53"}],"curies":[{"name":"wp","href":"https:\/\/api.w.org\/{rel}","templated":true}]}}