{"id":61,"date":"2010-11-23T10:52:15","date_gmt":"2010-11-23T15:52:15","guid":{"rendered":"http:\/\/blog.espol.edu.ec\/ladylis\/?p=61"},"modified":"2010-11-23T10:54:54","modified_gmt":"2010-11-23T15:54:54","slug":"temor-a-censo-por-expropiacion","status":"publish","type":"post","link":"https:\/\/blog.espol.edu.ec\/ladylis\/2010\/11\/23\/temor-a-censo-por-expropiacion\/","title":{"rendered":"Temor a censo por expropiaci\u00f3n"},"content":{"rendered":"<p><strong><a href=\"http:\/\/blog.espol.edu.ec\/ladylis\/files\/2010\/11\/22112010_090618.jpg\"><img loading=\"lazy\" decoding=\"async\" class=\"alignleft size-medium wp-image-62\" title=\"22112010_090618\" src=\"http:\/\/blog.espol.edu.ec\/ladylis\/files\/2010\/11\/22112010_090618-300x225.jpg\" alt=\"\" width=\"300\" height=\"225\" srcset=\"https:\/\/blog.espol.edu.ec\/ladylis\/files\/2010\/11\/22112010_090618-300x225.jpg 300w, https:\/\/blog.espol.edu.ec\/ladylis\/files\/2010\/11\/22112010_090618.jpg 400w\" sizes=\"auto, (max-width: 300px) 100vw, 300px\" \/><\/a>Visita.<\/strong> En el reconocimiento que hicieron los alumnos de los sitios que censar\u00e1n, algunas madres de familia mostraban preocupaci\u00f3n.<\/p>\n<div id=\"paginate-imagenesNoticia\"><a href=\"http:\/\/www.expreso.ec\/ediciones\/2010\/11\/23\/nacional\/actualidad\/temor-a-censo-por-expropiacion\/#\"><\/a><a href=\"http:\/\/www.expreso.ec\/ediciones\/2010\/11\/23\/nacional\/actualidad\/temor-a-censo-por-expropiacion\/#\"><\/a><\/div>\n<p><script>\/\/ <\/script>\u00bfY si me quitan parte de mi vivienda? \u00bfSi nos suben los impuestos? \u00bfSer\u00e1 que nos volveremos como Cuba o Venezuela?, son algunas de las preguntas que rondan a muchos ecuatorianos, a seis d\u00edas del VII Censo de Poblaci\u00f3n y VI de Vivienda en el pa\u00eds, que realizar\u00e1 el Instituto Nacional de Estad\u00edstica y Censos (INEC).<\/p>\n<p>Aunque los funcionarios garantizan a los ciudadanos la confidencialidad de los datos que obtengan el pr\u00f3ximo 28 de noviembre, a\u00fan no se sienten seguros de dar la informaci\u00f3n verdadera por el temor a que sus respuestas sean utilizadas para otros fines. Un tema vulnerable es el de la vivienda. La pregunta n\u00famero 14 dice: \u00bfCu\u00e1ntos cuartos tiene? Y la 12: \u00bfCu\u00e1nto pag\u00f3 la \u00faltima vez por el servicio de luz el\u00e9ctrica?<\/p>\n<p>Martha Aragundi, una viuda de 59 a\u00f1os, vive sola en una casa de dos pisos y seis dormitorios, debido a que sus hijos se fueron al extranjero y otros ya formaron sus familias. Ella siente temor de que, si entrega esa informaci\u00f3n, a su vivienda ubicada en la Alborada, lleguen personas sin hogar, asignadas por el Gobierno. \u201cVivo sola, pero siempre vienen mis nietos y a veces se quedan a dormir los fines de semana, no me parece justo que algo de mi propiedad me lo quiten o se lo den a extra\u00f1os que no han trabajo por ello. Mi esposo antes de morir se lo dej\u00f3 a mis hijos y a mis nietos\u201d, indic\u00f3.<a href=\"http:\/\/blog.espol.edu.ec\/ladylis\/files\/2010\/11\/dddd.jpg\"><img loading=\"lazy\" decoding=\"async\" class=\"alignleft size-medium wp-image-66\" title=\"dddd\" src=\"http:\/\/blog.espol.edu.ec\/ladylis\/files\/2010\/11\/dddd-300x199.jpg\" alt=\"\" width=\"300\" height=\"199\" srcset=\"https:\/\/blog.espol.edu.ec\/ladylis\/files\/2010\/11\/dddd-300x199.jpg 300w, https:\/\/blog.espol.edu.ec\/ladylis\/files\/2010\/11\/dddd.jpg 500w\" sizes=\"auto, (max-width: 300px) 100vw, 300px\" \/><\/a><\/p>\n<p>Cecilia Valdivia, funcionaria del INEC, dijo que la pregunta sobre el n\u00famero de cuartos tambi\u00e9n se formul\u00f3 en el \u00faltimo censo del 2001 y que tiene por objetivo conocer la calidad de vida de los ciudadanos para que el Gobierno ejecute mejor sus planes sociales.<\/p>\n<p>Hay otros temas que preocupan a los ecuatorianos. Por ejemplo, si se considera que una familia tiene muchas propiedades, estas lleguen a ser expropiadas o \u201cconfiscadas\u201d, m\u00e1s a\u00fan aquellos propietarios que tienen terrenos, pero sin escrituras. La abogada de 25 a\u00f1os, Lorena Alarc\u00f3n, sostuvo: \u201cNo se sabe a ciencia cierta con qu\u00e9 finalidad son esos datos, se dice que son para demostrar la econom\u00eda del pa\u00eds, pero con este Gobierno autoritario no sabemos qu\u00e9 puede pasar\u201d.<\/p>\n<p>Jennifer Barberi tambi\u00e9n est\u00e1 recelosa. Por eso afirm\u00f3 que informar\u00e1 la verdad a medias por miedo a que ocurra como sucedi\u00f3 en Cuba o Venezuela. \u201cQue nos cobren m\u00e1s impuestos por tener m\u00e1s ingresos o peor a\u00fan que informar lo que tenemos en casa, pues podr\u00eda dar pista a los ladrones...\u201d.<\/p>\n<p>Por otro lado, algunos opinan que estos temores se deben tambi\u00e9n a la falta de informaci\u00f3n y propaganda del contenido de la papeleta censal.<\/p>\n<p>\u201cNo se ha explicado bien en qu\u00e9 consiste el censo, no ha existido una preparaci\u00f3n previa, lo que ha generado rumores de que si se dan datos reales perjudiquen a la familia, ya que puede incrementarse el pago del consumo de electricidad o develar la situaci\u00f3n econ\u00f3mica de las personas\u201d manifest\u00f3 preocupada Sandra Gonz\u00e1lez, ingeniera y madre de dos hijos, quien dijo que por m\u00e1s que exista ley de confidencialidad se ha demostrado que Correa (el Presidente) no la respeta.<\/p>\n<p>La coordinadora regional del Censo, Cecilia Valdivia, pidi\u00f3 tranquilidad a la ciudadan\u00eda, pues la informaci\u00f3n, se\u00f1al\u00f3, es confidencial, como lo indica el art\u00edculo 21 de la Ley de Estad\u00edsticas. La funcionaria explic\u00f3 que cuando se procese la informaci\u00f3n del censo, inclusive, no se va a ingresar los nombres ni apellidos de los censados.<\/p>\n<p>Solo se dar\u00e1 a conocer los res\u00famenes num\u00e9ricos, las totalizaciones; en general, los datos impersonales. Respecto al temor que sienten los <a href=\"http:\/\/blog.espol.edu.ec\/ladylis\/files\/2010\/11\/ccccc1.jpg\"><img loading=\"lazy\" decoding=\"async\" class=\"alignleft size-medium wp-image-65\" title=\"ccccc\" src=\"http:\/\/blog.espol.edu.ec\/ladylis\/files\/2010\/11\/ccccc1-300x187.jpg\" alt=\"\" width=\"300\" height=\"187\" srcset=\"https:\/\/blog.espol.edu.ec\/ladylis\/files\/2010\/11\/ccccc1-300x187.jpg 300w, https:\/\/blog.espol.edu.ec\/ladylis\/files\/2010\/11\/ccccc1.jpg 480w\" sizes=\"auto, (max-width: 300px) 100vw, 300px\" \/><\/a>ciudadanos dijo que \u201cno necesariamente el estudiante que va a censar tiene que entrar a la vivienda, ellos pueden tomar la informaci\u00f3n desde afuera\u201d.<\/p>\n<p>Zoila Sotomayor, oriunda de Pi\u00f1as (provincia de El Oro), quien reside en Guayaquil por estudios, piensa que hay preguntas innecesarias. \u201c\u00bfPara qu\u00e9 les interesa saber cu\u00e1ntos focos tengo en mi casa? Son preguntas fuera de lugar\u201d, indic\u00f3 la joven de 22 a\u00f1os. (AGA)<\/p>\n<p>Fuente: <a href=\"http:\/\/www.expreso.ec\/ediciones\/2010\/11\/23\/nacional\/actualidad\/temor-a-censo-por-expropiacion\/\" target=\"_blank\">Google- Diario Expreso<\/a><\/p>\n","protected":false},"excerpt":{"rendered":"<p>Visita. En el reconocimiento que hicieron los alumnos de los sitios que censar\u00e1n, algunas madres de familia mostraban preocupaci\u00f3n. \u00bfY si me quitan parte de mi vivienda? \u00bfSi nos suben los impuestos? \u00bfSer\u00e1 que nos volveremos como Cuba o Venezuela?, son algunas de las preguntas que rondan a muchos ecuatorianos, a seis d\u00edas del VII [&hellip;]<\/p>\n","protected":false},"author":4717,"featured_media":0,"comment_status":"open","ping_status":"open","sticky":false,"template":"","format":"standard","meta":{"footnotes":""},"categories":[9297],"tags":[26598,6647,272,26597,26596],"class_list":["post-61","post","type-post","status-publish","format-standard","hentry","category-expreso","tag-censo","tag-inec","tag-informacion","tag-opinan","tag-propiedades"],"_links":{"self":[{"href":"https:\/\/blog.espol.edu.ec\/ladylis\/wp-json\/wp\/v2\/posts\/61","targetHints":{"allow":["GET"]}}],"collection":[{"href":"https:\/\/blog.espol.edu.ec\/ladylis\/wp-json\/wp\/v2\/posts"}],"about":[{"href":"https:\/\/blog.espol.edu.ec\/ladylis\/wp-json\/wp\/v2\/types\/post"}],"author":[{"embeddable":true,"href":"https:\/\/blog.espol.edu.ec\/ladylis\/wp-json\/wp\/v2\/users\/4717"}],"replies":[{"embeddable":true,"href":"https:\/\/blog.espol.edu.ec\/ladylis\/wp-json\/wp\/v2\/comments?post=61"}],"version-history":[{"count":2,"href":"https:\/\/blog.espol.edu.ec\/ladylis\/wp-json\/wp\/v2\/posts\/61\/revisions"}],"predecessor-version":[{"id":68,"href":"https:\/\/blog.espol.edu.ec\/ladylis\/wp-json\/wp\/v2\/posts\/61\/revisions\/68"}],"wp:attachment":[{"href":"https:\/\/blog.espol.edu.ec\/ladylis\/wp-json\/wp\/v2\/media?parent=61"}],"wp:term":[{"taxonomy":"category","embeddable":true,"href":"https:\/\/blog.espol.edu.ec\/ladylis\/wp-json\/wp\/v2\/categories?post=61"},{"taxonomy":"post_tag","embeddable":true,"href":"https:\/\/blog.espol.edu.ec\/ladylis\/wp-json\/wp\/v2\/tags?post=61"}],"curies":[{"name":"wp","href":"https:\/\/api.w.org\/{rel}","templated":true}]}}