{"id":119,"date":"2014-06-08T19:07:45","date_gmt":"2014-06-08T19:07:45","guid":{"rendered":"http:\/\/blog.espol.edu.ec\/lcabesa\/?p=119"},"modified":"2014-06-08T19:07:45","modified_gmt":"2014-06-08T19:07:45","slug":"el-cronograma-completo-de-ecuador-en-el-mundial","status":"publish","type":"post","link":"https:\/\/blog.espol.edu.ec\/lcabesa\/2014\/06\/08\/el-cronograma-completo-de-ecuador-en-el-mundial\/","title":{"rendered":"El cronograma completo de Ecuador en el Mundial"},"content":{"rendered":"<p style=\"text-align: center\">\n<p style=\"text-align: center\"><a href=\"http:\/\/blog.espol.edu.ec\/lcabesa\/files\/2014\/06\/foto-seleccion-1.jpg\"><img loading=\"lazy\" decoding=\"async\" class=\"alignnone  wp-image-120\" src=\"http:\/\/blog.espol.edu.ec\/lcabesa\/files\/2014\/06\/foto-seleccion-1-300x149.jpg\" alt=\"foto-seleccion-1\" width=\"340\" height=\"169\" srcset=\"https:\/\/blog.espol.edu.ec\/lcabesa\/files\/2014\/06\/foto-seleccion-1-300x149.jpg 300w, https:\/\/blog.espol.edu.ec\/lcabesa\/files\/2014\/06\/foto-seleccion-1.jpg 600w\" sizes=\"auto, (max-width: 340px) 100vw, 340px\" \/><\/a><\/p>\n<p style=\"text-align: center\">\n<p style=\"text-align: center\">La Tricolor se encuentra concentrada en la Casa de Selecci\u00f3n desde este s\u00e1bado previo a su viaje al Mundial de Brasil. La Selecci\u00f3n realiz\u00f3 previamente una gira de partidos en Estados Unidos. Su debut mundialista ser\u00e1 en 8 d\u00edas frente a Suiza.<\/p>\n<p style=\"text-align: center\">Este es el cronograma que cumplir\u00e1 Ecuador durante el Mundial:<\/p>\n<p style=\"text-align: center\">8 de Junio:<br \/>\nFotos oficial - 10h45 se procede a tomar la foto oficial.<br \/>\nRueda de Prensa - 12h00<\/p>\n<p style=\"text-align: center\">9 de Junio<br \/>\nSalida a Brasil a las 09h00<br \/>\nArribo a la Base A\u00e9rea Canoas, en Porto Alegre. Arribo aproximado a las 19h00<\/p>\n<p style=\"text-align: center\">10, 11, 12, 13 de Junio<br \/>\nEntrenamiento en Vila Ventura.<\/p>\n<p style=\"text-align: center\">14 de Junio<br \/>\nEntrenamiento en el Estadio Nacional de Brasilia.<\/p>\n<p style=\"text-align: center\">15 de junio<br \/>\nEn Brasilia, estadio Man\u00e9 Garrincha: Ecuador vs. Suiza. 11h00 hora de Ecuador.<\/p>\n<p style=\"text-align: center\">16 de Junio<br \/>\nEntrenamiento en Vila Ventura.<\/p>\n<p style=\"text-align: center\">17 de Junio<br \/>\nEntrenamiento en el estadio de Gremio.<\/p>\n<p style=\"text-align: center\">18 de Junio<br \/>\nEntrenamiento en Vila Ventura.<\/p>\n<p style=\"text-align: center\">19 de Junio<br \/>\nEntrenamiento en Curitiba, en el estadio Arena do Baixada<\/p>\n<p style=\"text-align: center\">20 de Junio<br \/>\nEn Curitiba: Ecuador vs. Honduras, en el estadio Arena de Baixada. 17h00 hora de Ecuador.<\/p>\n<p style=\"text-align: center\">21, 22 y 23 de Junio<br \/>\nEntrenamiento en Vila Ventura.<\/p>\n<p style=\"text-align: center\">24 de Junio<br \/>\nEntrenamiento en el estadio Maracan\u00e1.<\/p>\n<p style=\"text-align: center\">;\"&gt;25 de Junio<br \/>\nEn Rio de Janeiro: Ecuador vs. Francia, en el estadio Maracan\u00e1. 15h00 hora de Ecuador.<\/p>\n<p style=\"text-align: center\">HOTELES EN BRASIL<br \/>\nEn Brasilia: Hotel Brasilia Palace (Shtn Trecho 01 Lt 01 Brasilia, DF, 70800-200, Brasil, \u200e+1 949 333 4932).<br \/>\nEn Curitiba: Hotel Radisson (Avenida Sete de Setembro 5190 | Batel, Curitiba, Estado de Paran\u00e1 80240-000).<br \/>\nEn Rio de Janeiro: Hotel Sheraton Rio (Avenida Niemeyer 121 \u2013 Leblon. 22450-220).<\/p>\n<p style=\"text-align: center\">Con informaci\u00f3n de la Federaci\u00f3n Ecuatoriana de F\u00fatbol<\/p>\n","protected":false},"excerpt":{"rendered":"<p>La Tricolor se encuentra concentrada en la Casa de Selecci\u00f3n desde este s\u00e1bado previo a su viaje al Mundial de Brasil. La Selecci\u00f3n realiz\u00f3 previamente una gira de partidos en Estados Unidos. Su debut mundialista ser\u00e1 en 8 d\u00edas frente a Suiza. Este es el cronograma que cumplir\u00e1 Ecuador durante el Mundial: 8 de Junio: &hellip; <\/p>\n<p><a class=\"more-link btn\" href=\"https:\/\/blog.espol.edu.ec\/lcabesa\/2014\/06\/08\/el-cronograma-completo-de-ecuador-en-el-mundial\/\">Seguir leyendo<\/a><\/p>\n","protected":false},"author":9019,"featured_media":0,"comment_status":"open","ping_status":"open","sticky":false,"template":"","format":"standard","meta":{"footnotes":""},"categories":[818],"tags":[],"class_list":["post-119","post","type-post","status-publish","format-standard","hentry","category-sin-categoria","item-wrap"],"_links":{"self":[{"href":"https:\/\/blog.espol.edu.ec\/lcabesa\/wp-json\/wp\/v2\/posts\/119","targetHints":{"allow":["GET"]}}],"collection":[{"href":"https:\/\/blog.espol.edu.ec\/lcabesa\/wp-json\/wp\/v2\/posts"}],"about":[{"href":"https:\/\/blog.espol.edu.ec\/lcabesa\/wp-json\/wp\/v2\/types\/post"}],"author":[{"embeddable":true,"href":"https:\/\/blog.espol.edu.ec\/lcabesa\/wp-json\/wp\/v2\/users\/9019"}],"replies":[{"embeddable":true,"href":"https:\/\/blog.espol.edu.ec\/lcabesa\/wp-json\/wp\/v2\/comments?post=119"}],"version-history":[{"count":1,"href":"https:\/\/blog.espol.edu.ec\/lcabesa\/wp-json\/wp\/v2\/posts\/119\/revisions"}],"predecessor-version":[{"id":121,"href":"https:\/\/blog.espol.edu.ec\/lcabesa\/wp-json\/wp\/v2\/posts\/119\/revisions\/121"}],"wp:attachment":[{"href":"https:\/\/blog.espol.edu.ec\/lcabesa\/wp-json\/wp\/v2\/media?parent=119"}],"wp:term":[{"taxonomy":"category","embeddable":true,"href":"https:\/\/blog.espol.edu.ec\/lcabesa\/wp-json\/wp\/v2\/categories?post=119"},{"taxonomy":"post_tag","embeddable":true,"href":"https:\/\/blog.espol.edu.ec\/lcabesa\/wp-json\/wp\/v2\/tags?post=119"}],"curies":[{"name":"wp","href":"https:\/\/api.w.org\/{rel}","templated":true}]}}