{"id":3,"date":"2009-08-09T19:43:22","date_gmt":"2009-08-09T23:43:22","guid":{"rendered":"http:\/\/blog.espol.edu.ec\/leadsis\/?p=3"},"modified":"2010-07-12T23:10:31","modified_gmt":"2010-07-13T03:10:31","slug":"corazon-confundido-y-deprimido","status":"publish","type":"post","link":"https:\/\/blog.espol.edu.ec\/leadsis\/2009\/08\/09\/corazon-confundido-y-deprimido\/","title":{"rendered":"Coraz\u00f3n confundido y deprimido"},"content":{"rendered":"<p>Ayer me dejaste<\/p>\n<p>Ayer me abandonaste<\/p>\n<p>mi alma estaba deca\u00edda<\/p>\n<p>sin tu amor se sent\u00eda retra\u00edda<\/p>\n<p>Tu vida has hecho<\/p>\n<p>con alguien nuevo<\/p>\n<p>lejos de m\u00ed est\u00e1s<\/p>\n<p>jam\u00e1s te volver\u00e9 a encontrar<\/p>\n<p>A veces me pregunto<\/p>\n<p>me pregunto sin parar<\/p>\n<p>si contigo volver\u00e9 a estar<\/p>\n<p>si las piezas regresar\u00e1n a su lugar<\/p>\n<p>Si todo ser\u00e1 otra vez normal<\/p>\n<p>Noticias tuyas me han llegado<\/p>\n<p>tu nuevo amor te ha dejado<\/p>\n<p>no tienes con qui\u00e9n ir<\/p>\n<p>y sabes que me tienes a m\u00ed<\/p>\n<p>pero no sabes si puedes venir<\/p>\n<p>Es un dilema, todo es distinto ahora<\/p>\n<p>un nuevo ser contigo ha venido<\/p>\n<p>pero yo no dejo de sentir lo mismo<\/p>\n<p>no has salido de mi memoria<\/p>\n<p>mas no s\u00e9 como se sienta mi honra<\/p>\n<p>Muchas cosas me han dolido<\/p>\n<p>el simple hecho de no estar contigo<\/p>\n<p>pr\u00e1cticamente me ha destruido<\/p>\n<p>hasta el punto de tenerme consumido<\/p>\n<p>Se que aqu\u00ed has vuelto<\/p>\n<p>y al verte otra vez<\/p>\n<p>me pregunto qu\u00e9 te has hecho<\/p>\n<p>en un dilema estoy envuelto<\/p>\n<p>peor que tus problemas del mes<\/p>\n<p>Est\u00e1s cerca ya lo s\u00e9<\/p>\n<p>mi vida ya empec\u00e9<\/p>\n<p>no eres la misma de ayer<\/p>\n<p>No s\u00e9 si aceptarte \u00bfc\u00f3mo ves?<\/p>\n<p>A\u00fan lo estoy pensando<\/p>\n<p>a\u00fan lo estoy consultando<\/p>\n<p>nada he decidido<\/p>\n<p>estoy sumamente confundido.<\/p>\n","protected":false},"excerpt":{"rendered":"<p>Ayer me dejaste Ayer me abandonaste mi alma estaba deca\u00edda sin tu amor se sent\u00eda retra\u00edda Tu vida has hecho con alguien nuevo lejos de m\u00ed est\u00e1s jam\u00e1s te volver\u00e9 a encontrar A veces me pregunto me pregunto sin parar si contigo volver\u00e9 a estar si las piezas regresar\u00e1n a su lugar Si todo ser\u00e1 [&hellip;]<\/p>\n","protected":false},"author":2606,"featured_media":0,"comment_status":"open","ping_status":"open","sticky":false,"template":"","format":"standard","meta":{"footnotes":""},"categories":[1],"tags":[],"class_list":["post-3","post","type-post","status-publish","format-standard","hentry","category-uncategorized"],"_links":{"self":[{"href":"https:\/\/blog.espol.edu.ec\/leadsis\/wp-json\/wp\/v2\/posts\/3","targetHints":{"allow":["GET"]}}],"collection":[{"href":"https:\/\/blog.espol.edu.ec\/leadsis\/wp-json\/wp\/v2\/posts"}],"about":[{"href":"https:\/\/blog.espol.edu.ec\/leadsis\/wp-json\/wp\/v2\/types\/post"}],"author":[{"embeddable":true,"href":"https:\/\/blog.espol.edu.ec\/leadsis\/wp-json\/wp\/v2\/users\/2606"}],"replies":[{"embeddable":true,"href":"https:\/\/blog.espol.edu.ec\/leadsis\/wp-json\/wp\/v2\/comments?post=3"}],"version-history":[{"count":6,"href":"https:\/\/blog.espol.edu.ec\/leadsis\/wp-json\/wp\/v2\/posts\/3\/revisions"}],"predecessor-version":[{"id":37,"href":"https:\/\/blog.espol.edu.ec\/leadsis\/wp-json\/wp\/v2\/posts\/3\/revisions\/37"}],"wp:attachment":[{"href":"https:\/\/blog.espol.edu.ec\/leadsis\/wp-json\/wp\/v2\/media?parent=3"}],"wp:term":[{"taxonomy":"category","embeddable":true,"href":"https:\/\/blog.espol.edu.ec\/leadsis\/wp-json\/wp\/v2\/categories?post=3"},{"taxonomy":"post_tag","embeddable":true,"href":"https:\/\/blog.espol.edu.ec\/leadsis\/wp-json\/wp\/v2\/tags?post=3"}],"curies":[{"name":"wp","href":"https:\/\/api.w.org\/{rel}","templated":true}]}}