{"id":124,"date":"2011-02-10T16:36:35","date_gmt":"2011-02-10T16:36:35","guid":{"rendered":"http:\/\/blog.espol.edu.ec\/lfgarcia\/?p=124"},"modified":"2011-02-12T15:03:51","modified_gmt":"2011-02-12T15:03:51","slug":"tony-vega","status":"publish","type":"post","link":"https:\/\/blog.espol.edu.ec\/lfgarcia\/2011\/02\/10\/tony-vega\/","title":{"rendered":"Tony Vega"},"content":{"rendered":"<p style=\"text-align: justify\"><a href=\"http:\/\/blog.espol.edu.ec\/lfgarcia\/files\/2011\/02\/Tony-vega.jpg\"><img loading=\"lazy\" decoding=\"async\" class=\"alignleft size-thumbnail wp-image-170\" title=\"Tony vega\" src=\"http:\/\/blog.espol.edu.ec\/lfgarcia\/files\/2011\/02\/Tony-vega-150x150.jpg\" alt=\"\" width=\"150\" height=\"150\" \/><\/a>Tony Vega, naci\u00f3 el 13 de Julio de 1957 en Salinas, Puerto Rico. Para mi uno de los mejores cantantes de salsa oriundo de Puerto Rico crecido en los a\u00f1os 80, Trabajador incesante y artista influyente en la generacion de su tiempo. Se ha dicho que \"Tony Vega define su m\u00fasica como salsa con clase y swing, un sonido fresco, moderno, sin complicaciones, con un toque rom\u00e1ntico y ra\u00edces tradicionales\". Seg\u00fan sus propias palabras recibi\u00f3 mucha influencia de Ismael \"Maelo\" Rivera, Cortijo y su combo, Rafael Ithier y El Gran Combo.<\/p>\n<p style=\"text-align: justify\">\n<p style=\"text-align: justify\">\n<p style=\"text-align: justify\">Vega comenz\u00f3 su carrera profesional en 1978, y grab\u00f3 su primer \u00e1lbum como uno de los dos cantantes principales de La Selecta, un grupo dirigido por Raphy Leavitt. Entre las canciones que cant\u00f3 con Leavitt, estaban las populares \"Cosquillita\", \"Sheila Ta\u00edna\" y \"El Picaflor\". Estuvo all\u00ed por un a\u00f1o y medio, y luego se uni\u00f3 al famoso grupo La Mulenze por un corto per\u00edodo de 3 meses. Despu\u00e9s de dos a\u00f1os con Leavitt, Vega se fue y se uni\u00f3 al grupo de Willie Rosario. Estuvo con ellos por 6 a\u00f1os, desde 1980 hasta 1986.<\/p>\n<p style=\"text-align: justify\"><!--more--><\/p>\n<p style=\"text-align: justify\">En 6 de los \u00e1lbumes que Vega grab\u00f3 con Rosario, cant\u00f3 con el ahora famoso Gilberto Santa Rosa. Su experiencia con Rosario fue como entrenamiento para el joven artista, y como resultado est\u00e1n los \u00e9xitos: \"Mi Amigo El Payaso\", \"Caramelito Del Campo\" y \"Busca El Ritmo\". Vega contribuy\u00f3 para el \u00e1lbum de Rosario, \"La Nueva Cosecha\", el cual gan\u00f3 una nominaci\u00f3n al Grammy. Mientras su vida art\u00edstica avanzaba su vida espiritual experimentaba un encuentro personal con Jesucristo y su mundo interior comenzaba a cambiar. Seg\u00fan el mismo comenta que a diferencia de otros casos, su entrada a los caminos de Dios se dio por convencimiento y no por angustias. \u201cAnte me dedicaba a mi carrera, mi familia y por \u00faltimo a Dios. Ahora, es todo lo contrario, primero es Cristo, segundo mi familia y tercero mi carrera musical. Vivo muy feliz. Es una labor bien linda, y seg\u00fan hay un batall\u00f3n de gente orando por nosotros. Y hay cantidad de artistas que ni saben que tambi\u00e9n oramos por ellos. En su momento, sabr\u00e1n por qu\u00e9\u201d, El cantante de \u00abAparentemente\u00bb y otrora integrante de las populares orquestas La Selecta y de Willie Rosario, hab\u00eda logrado levantar un imperio bajo su nombre. Un imperio que poco a poco vio caer despu\u00e9s de aceptar al se\u00f1or, al punto de perder sus casas, sus carros y su contrato discogr\u00e1fico.\u00abMe dio una depresi\u00f3n tan grande que no pod\u00eda cantar. Ten\u00eda gastos mensuales de $15 mil a $16 mil d\u00f3lares, y empleados a los que hab\u00eda que pagar. Tuve que vender mis cuatro casas porque de lo contrario las iba a perder tal como ocurri\u00f3 con mis carros que me los quitaron\u00bb, asegur\u00f3 y admiti\u00f3 que fueron esas mismas experiencias las que lo prepararon para grabar su primera producci\u00f3n con mensaje cristiano y la und\u00e9cima de su carrera. \u201cEste disco sale despu\u00e9s de estar mis primeros 10 a\u00f1os en los caminos del Se\u00f1or Jes\u00fas. Es un proyecto que desde mi conversi\u00f3n estaba en planes. Lo que sucedi\u00f3 es que gracias a Dios y al consejo de mis pastores entr\u00e9 en un proceso que nosotros llamamos \u2018el primer amor\u2019 en el que aprend\u00ed de la palabra de Dios, pas\u00e9 grandes pruebas y as\u00ed mismo, me levant\u00e9\u201d, revel\u00f3 Vega.<\/p>\n<p style=\"text-align: justify\">Este disco nace de una profec\u00eda que me hizo un muchacho hace un tiempo atr\u00e1s. Y as\u00ed fue, y hoy puedo decir que todo se dio seg\u00fan su revelaci\u00f3n. Y puedo decir que vengo con la m\u00fasica de salsa para todos los p\u00fablicos\u201d. De hecho, para la m\u00fasica hicimos el sello que se llama \u201c9010\u201d, que seg\u00fan explic\u00f3 significa 90 por ciento de las ganancias para el ministerio de misiones, y 10 por ciento para los gastos del trabajo. \u201cEn este disco re grab\u00e9 en ritmo de reggaet\u00f3n el tema \u2018Cuesti\u00f3n de fe\u2019 junto al cantante cristiano Funky. Adem\u00e1s, incluyo el tema \u2018Mi iglesia\u2019 que hab\u00eda grabado con Alex D\u2019Castro. Y tengo una canci\u00f3n in\u00e9dita en ritmo de balada titulada \u2018Se\u00f1or que ves?\u2019 y \u2018Que tire la piedra\u2019 del compositor Abraham Vel\u00e1zquez\u201d, En esta nueva producci\u00f3n discogr\u00e1fica presento las buenas nuevas, qui\u00e9n es Jes\u00fas, c\u00f3mo me siento y canciones de adoraci\u00f3n, alabanza y concienciaci\u00f3n porque a veces juzgamos tanto y Jes\u00fas no vino a hacerlo.<\/p>\n<p style=\"text-align: justify\">Nuestra misi\u00f3n es dar cosas buenas porque la gente las recibe. Hay necesidad en las personas y cuando toco algo que toca su fibra veo las reacciones. Hace dos a\u00f1os tengo un ministerio donde visito iglesias y testifico de donde Dios me sac\u00f3 y lo que hab\u00eda hecho; es muy interesante ver c\u00f3mo cosas que me sucedieron son de bendici\u00f3n para otros y vienen a los pies de Dios\u00bb<\/p>\n<p style=\"text-align: center\"><object style=\"height: 390px;width: 640px\" classid=\"clsid:d27cdb6e-ae6d-11cf-96b8-444553540000\" width=\"100\" height=\"100\"><param name=\"allowFullScreen\" value=\"true\" \/><param name=\"allowScriptAccess\" value=\"always\" \/><param name=\"src\" value=\"http:\/\/www.youtube.com\/v\/Tf41_cT6NQ4?version=3\" \/><param name=\"allowfullscreen\" value=\"true\" \/><embed style=\"height: 390px;width: 640px\" type=\"application\/x-shockwave-flash\" width=\"100\" height=\"100\" src=\"http:\/\/www.youtube.com\/v\/Tf41_cT6NQ4?version=3\" allowscriptaccess=\"always\" allowfullscreen=\"true\"><\/embed><\/object><\/p>\n","protected":false},"excerpt":{"rendered":"<p>Tony Vega, naci\u00f3 el 13 de Julio de 1957 en Salinas, Puerto Rico. Para mi uno de los mejores cantantes de salsa oriundo de Puerto Rico crecido en los a\u00f1os 80, Trabajador incesante y artista influyente en la generacion de su tiempo. Se ha dicho que \"Tony Vega define su m\u00fasica como salsa con clase [&hellip;]<\/p>\n","protected":false},"author":5433,"featured_media":0,"comment_status":"open","ping_status":"open","sticky":false,"template":"","format":"standard","meta":{"footnotes":""},"categories":[34509],"tags":[30312],"class_list":["post-124","post","type-post","status-publish","format-standard","hentry","category-salsa","tag-tony-vega"],"_links":{"self":[{"href":"https:\/\/blog.espol.edu.ec\/lfgarcia\/wp-json\/wp\/v2\/posts\/124","targetHints":{"allow":["GET"]}}],"collection":[{"href":"https:\/\/blog.espol.edu.ec\/lfgarcia\/wp-json\/wp\/v2\/posts"}],"about":[{"href":"https:\/\/blog.espol.edu.ec\/lfgarcia\/wp-json\/wp\/v2\/types\/post"}],"author":[{"embeddable":true,"href":"https:\/\/blog.espol.edu.ec\/lfgarcia\/wp-json\/wp\/v2\/users\/5433"}],"replies":[{"embeddable":true,"href":"https:\/\/blog.espol.edu.ec\/lfgarcia\/wp-json\/wp\/v2\/comments?post=124"}],"version-history":[{"count":6,"href":"https:\/\/blog.espol.edu.ec\/lfgarcia\/wp-json\/wp\/v2\/posts\/124\/revisions"}],"predecessor-version":[{"id":169,"href":"https:\/\/blog.espol.edu.ec\/lfgarcia\/wp-json\/wp\/v2\/posts\/124\/revisions\/169"}],"wp:attachment":[{"href":"https:\/\/blog.espol.edu.ec\/lfgarcia\/wp-json\/wp\/v2\/media?parent=124"}],"wp:term":[{"taxonomy":"category","embeddable":true,"href":"https:\/\/blog.espol.edu.ec\/lfgarcia\/wp-json\/wp\/v2\/categories?post=124"},{"taxonomy":"post_tag","embeddable":true,"href":"https:\/\/blog.espol.edu.ec\/lfgarcia\/wp-json\/wp\/v2\/tags?post=124"}],"curies":[{"name":"wp","href":"https:\/\/api.w.org\/{rel}","templated":true}]}}