{"id":65,"date":"2010-11-18T12:50:40","date_gmt":"2010-11-18T12:50:40","guid":{"rendered":"http:\/\/blog.espol.edu.ec\/lfgarcia\/?p=65"},"modified":"2010-11-27T22:16:53","modified_gmt":"2010-11-27T22:16:53","slug":"la-suprema-corte","status":"publish","type":"post","link":"https:\/\/blog.espol.edu.ec\/lfgarcia\/2010\/11\/18\/la-suprema-corte\/","title":{"rendered":"La suprema corte.."},"content":{"rendered":"<p style=\"text-align: justify\"><a href=\"http:\/\/blog.espol.edu.ec\/lfgarcia\/files\/2010\/11\/envidiablelf3xl7.jpg\"><img loading=\"lazy\" decoding=\"async\" class=\"alignleft size-thumbnail wp-image-66\" title=\"envidiablelf3xl7\" src=\"http:\/\/blog.espol.edu.ec\/lfgarcia\/files\/2010\/11\/envidiablelf3xl7-150x150.jpg\" alt=\"\" width=\"150\" height=\"150\" \/><\/a>Fundada en el a\u00f1o 1990 por el reconocido trombonista Andr\u00e9s Vi\u00e1fara, - quien fuera por muchos a\u00f1os integrante del Grupo Niche -, en compa\u00f1\u00eda de los compositores Rodolfo Granja y Cheo Angulo, juntos hicieron realidad la idea de formar una banda musical propia, naciendo La Suprema Corte Orquesta. Hay que destacar que el grupo se form\u00f3 con base a tres trombones, dos teclados de piano y sintetizador, bajo, percusi\u00f3n, bongo, timbal, congas, y tres vocalistas.<\/p>\n<p style=\"text-align: justify\">Es as\u00ed como despu\u00e9s de varios meses de trabajo y preparaci\u00f3n, sale en 1991 al mercado la primera producci\u00f3n musical titulada \"Salsa Pesada\", llegando a ser n\u00famero uno de las listas musicales de Colombia con los temas \"Un Amante Como Yo\", \"Por qu\u00e9 Te Fuiste\", \u00a8La Mujer Maravilla\u00a8 y \u00a8Rompe Mis Esquemas\u00a8.<\/p>\n<p style=\"text-align: justify\">\n<p style=\"text-align: justify\">\n<p style=\"text-align: justify\">\n<p><object classid=\"clsid:d27cdb6e-ae6d-11cf-96b8-444553540000\" width=\"480\" height=\"385\"><param name=\"allowFullScreen\" value=\"true\" \/><param name=\"allowscriptaccess\" value=\"always\" \/><param name=\"src\" value=\"http:\/\/www.youtube.com\/v\/x6GUnVozKBs?fs=1&amp;hl=es_ES\" \/><param name=\"allowfullscreen\" value=\"true\" \/><embed type=\"application\/x-shockwave-flash\" width=\"480\" height=\"385\" src=\"http:\/\/www.youtube.com\/v\/x6GUnVozKBs?fs=1&amp;hl=es_ES\" allowscriptaccess=\"always\" allowfullscreen=\"true\"><\/embed><\/object><\/p>\n<p><!--more--><\/p>\n<p style=\"text-align: justify\">En el a\u00f1o 1993 sale al mercado un segundo trabajo musical titulado \"Veredicto\" y nuevamente logran los primeros lugares con las canciones \"Escombros\",\"Contaminado\", \u00a8El Amor Mas Grande\u00a8, \u00a8Quiero Quedarme En Ti\u00a8 y \u00a8El Velorio De Tito\u00a8 llev\u00e1ndolos al reconocimiento nacional, haciendo giras por todo el pa\u00eds, y cruzando las fronteras hasta llegar a Ecuador y Venezuela<\/p>\n<p style=\"text-align: justify\">Los premios a la Orquesta Revelaci\u00f3n y Mejor Orquesta Nacional en 1993 y 1994 en la Feria de Cali, respectivamente, les permiten lanzar en el a\u00f1o 1994 su primera gira por los Estados Unidos, present\u00e1ndose en Los \u00c1ngeles, Nueva York y Miami, logrando as\u00ed el reconocimiento internacional.<\/p>\n<p style=\"text-align: justify\">En el a\u00f1o 1995 hacen su segunda gira internacional por los Estados Unidos, y en 1996 sale al mercado su tercera producci\u00f3n llamada \"Envidiable\", donde se destacan los temas \"Por Que Fallaste\u00a8 y \u00a8Nunca Podre\u00a8 . Con esta ultima producci\u00f3n se alcanz\u00f3 el mismo \u00e9xito de las anteriores<\/p>\n<p style=\"text-align: justify\">En el a\u00f1o 2000 Andr\u00e9s Vi\u00e1fara, fundador y propietario del grupo, decide grabar una cuarta producci\u00f3n musical titulada  \"Supremos \u00c9xitos\", donde hace recompilacion de exitos de sus tres trabajos anteriores e incluye un nuevo tema, titulado \"A Qu\u00e9 Juegas\" luego de un receso de casi 6 a\u00f1os sin grabar En el 2001 hace una Quinta produccion Titulada \u00a8Vivencias\u00a8en compa\u00f1ia de su amigo ycompositor Adolfo Alvarado donde se destacan temas como \u00a8Quedate\u00a8,\u00a8Paradojas de la vida\u00a8y \u00a8Nunca Fue Tarde\u00a8 cabe anotar que esta produccion no ha salido al mercado, solo la tienen exclusivos coleccionistas<\/p>\n<p style=\"text-align: justify\">En Agosto del 2003 LA SUPREMA CORTE, hace su gira por el Reino Unido cosechando exitos y admiradores en el viejo continente, en el a\u00f1o 2005 se consolidan como la mejor agrupacion de salsa extrangera en territorio Ecuatoriano haciendo multiples giras en el 2005 a 2006<\/p>\n<p style=\"text-align: justify\">En el 2007 sale al mercado bajo el sello de GENESIS MUSIC, su nuevo album titulado \u00a8Mas Que Ayer\u00a8 con exelentisimos arreglos del Maestro Andres Vi\u00e0fara y su majestuosa interpretaci\u00f3n en el tromb\u00f2n, en tampoco tiempo ya se destacan en las emisoras y nigth club del Mundo. temas como; \u00a8Mentira\u00a8, \u00a8No digas nada\u00a8, \u00a8Melastima\u00a8<\/p>\n<p style=\"text-align: justify\">y ya se presagia dos o tres \u00e8xitos m\u00e1s, pues este album viene buenisimo..!<\/p>\n","protected":false},"excerpt":{"rendered":"<p>Fundada en el a\u00f1o 1990 por el reconocido trombonista Andr\u00e9s Vi\u00e1fara, - quien fuera por muchos a\u00f1os integrante del Grupo Niche -, en compa\u00f1\u00eda de los compositores Rodolfo Granja y Cheo Angulo, juntos hicieron realidad la idea de formar una banda musical propia, naciendo La Suprema Corte Orquesta. Hay que destacar que el grupo se [&hellip;]<\/p>\n","protected":false},"author":5433,"featured_media":0,"comment_status":"open","ping_status":"open","sticky":false,"template":"","format":"standard","meta":{"footnotes":""},"categories":[34509],"tags":[26170],"class_list":["post-65","post","type-post","status-publish","format-standard","hentry","category-salsa","tag-suprema-corte"],"_links":{"self":[{"href":"https:\/\/blog.espol.edu.ec\/lfgarcia\/wp-json\/wp\/v2\/posts\/65","targetHints":{"allow":["GET"]}}],"collection":[{"href":"https:\/\/blog.espol.edu.ec\/lfgarcia\/wp-json\/wp\/v2\/posts"}],"about":[{"href":"https:\/\/blog.espol.edu.ec\/lfgarcia\/wp-json\/wp\/v2\/types\/post"}],"author":[{"embeddable":true,"href":"https:\/\/blog.espol.edu.ec\/lfgarcia\/wp-json\/wp\/v2\/users\/5433"}],"replies":[{"embeddable":true,"href":"https:\/\/blog.espol.edu.ec\/lfgarcia\/wp-json\/wp\/v2\/comments?post=65"}],"version-history":[{"count":9,"href":"https:\/\/blog.espol.edu.ec\/lfgarcia\/wp-json\/wp\/v2\/posts\/65\/revisions"}],"predecessor-version":[{"id":122,"href":"https:\/\/blog.espol.edu.ec\/lfgarcia\/wp-json\/wp\/v2\/posts\/65\/revisions\/122"}],"wp:attachment":[{"href":"https:\/\/blog.espol.edu.ec\/lfgarcia\/wp-json\/wp\/v2\/media?parent=65"}],"wp:term":[{"taxonomy":"category","embeddable":true,"href":"https:\/\/blog.espol.edu.ec\/lfgarcia\/wp-json\/wp\/v2\/categories?post=65"},{"taxonomy":"post_tag","embeddable":true,"href":"https:\/\/blog.espol.edu.ec\/lfgarcia\/wp-json\/wp\/v2\/tags?post=65"}],"curies":[{"name":"wp","href":"https:\/\/api.w.org\/{rel}","templated":true}]}}