{"id":74,"date":"2010-11-18T13:51:45","date_gmt":"2010-11-18T13:51:45","guid":{"rendered":"http:\/\/blog.espol.edu.ec\/lfgarcia\/?p=74"},"modified":"2010-11-18T13:56:29","modified_gmt":"2010-11-18T13:56:29","slug":"74","status":"publish","type":"post","link":"https:\/\/blog.espol.edu.ec\/lfgarcia\/2010\/11\/18\/74\/","title":{"rendered":"Profec\u00eda Maya.."},"content":{"rendered":"<p style=\"text-align: justify\"><a href=\"http:\/\/blog.espol.edu.ec\/lfgarcia\/files\/2010\/11\/Mayas.jpg\"><img loading=\"lazy\" decoding=\"async\" class=\"alignleft size-thumbnail wp-image-75\" title=\"Mayas\" src=\"http:\/\/blog.espol.edu.ec\/lfgarcia\/files\/2010\/11\/Mayas-150x150.jpg\" alt=\"\" width=\"150\" height=\"150\" srcset=\"https:\/\/blog.espol.edu.ec\/lfgarcia\/files\/2010\/11\/Mayas-150x150.jpg 150w, https:\/\/blog.espol.edu.ec\/lfgarcia\/files\/2010\/11\/Mayas.jpg 200w\" sizes=\"auto, (max-width: 150px) 100vw, 150px\" \/><\/a>El cumplimiento de las detalladas predicciones que la antigua cultura maya hizo para el periodo que media entre los a\u00f1os 1992 y 2012 de nuestro calendario plantea un profundo misterio y una pregunta inquietante: \u00bfnos encontramos realmente viviendo el final de una era c\u00f3smica y veremos dentro de cinco a\u00f1os el amanecer de una con signo muy distinto?<\/p>\n<p style=\"text-align: justify\">Los cient\u00edficos no saben qu\u00e9 est\u00e1 sucediendo con el Sol. El 20 de enero del 2005, una sorpresiva tormenta solar alcanz\u00f3 la Tierra con su m\u00e1ximo de radiaci\u00f3n s\u00f3lo 15 minutos despu\u00e9s de iniciarse la serie de explosiones, cuando lo habitual son 2 horas. Seg\u00fan Richard Mewaldt, del California Institute of Technology, fue la m\u00e1s violenta en los \u00faltimos 50 a\u00f1os. Tambi\u00e9n ha sido la m\u00e1s misteriosa.<\/p>\n<p style=\"text-align: justify\">\n<p style=\"text-align: justify\">\n<p><object classid=\"clsid:d27cdb6e-ae6d-11cf-96b8-444553540000\" width=\"425\" height=\"350\"><param name=\"wmode\" value=\"transparent\" \/><param name=\"src\" value=\"http:\/\/tu.tv\/tutvweb.swf?kpt=aHR0cDovL3d3dy50dS50di92aWRlb3Njb2RpL2YvaS9maW4tZGVsLW11bmRvLTIwMTItcHJvZmVjaWEtZG9vbXNkYXkuZmx2&amp;xtp=571825\" \/><embed type=\"application\/x-shockwave-flash\" width=\"425\" height=\"350\" src=\"http:\/\/tu.tv\/tutvweb.swf?kpt=aHR0cDovL3d3dy50dS50di92aWRlb3Njb2RpL2YvaS9maW4tZGVsLW11bmRvLTIwMTItcHJvZmVjaWEtZG9vbXNkYXkuZmx2&amp;xtp=571825\"><\/embed><\/object><\/p>\n<p><!--more--><\/p>\n<p>Los cient\u00edficos cre\u00edan que dichas tormentas se produc\u00edan en la corona solar por las ondas de choque asociadas a eyecciones de plasma. Sin embargo, en este caso parece haberse originado extra\u00f1amente en el interior del Astro Rey, seg\u00fan afirm\u00f3 el profesor Robert Lin, de la Universidad de California.<\/p>\n<p>Los astr\u00f3nomos expresaron su perplejidad. El profesor Lin \u2013principal investigador del sat\u00e9lite Reuven Ramaty High Energy Solar Spectroscopic Imager (RHESSI)\u2013 concluy\u00f3 su declaraci\u00f3n con una frase muy significativa: \u00abEsto significa que realmente no sabemos c\u00f3mo funciona el Sol\u00bb.<\/p>\n<p>En resumen: el ins\u00f3lito fen\u00f3meno del 20 de enero del 2005 ha pulverizado los modelos predictivos de nuestra ciencia.<\/p>\n<p>Pero adem\u00e1s, \u00bfpor qu\u00e9 se produce una actividad tan intensa y an\u00f3mala en este momento? El pico de m\u00e1xima actividad de nuestra estrella \u2013en su ciclo principal de 11 a\u00f1os\u2013 tuvo lugar en el a\u00f1o 2000.<\/p>\n<p>En 2004 los f\u00edsicos solares observaron una ausencia total de manchas, algo que siempre anuncia la proximidad de un m\u00ednimo de actividad.<\/p>\n<p>Dicho m\u00ednimo deb\u00eda producirse entre 2005 y 2006, unos 4 a\u00f1os antes del nuevo m\u00e1ximo, previsto para el a\u00f1o 2010 o 2011, precisamente en v\u00edsperas de la fecha para la cual los antiguos mayas profetizaron el final de la era correspondiente al \u00abQuinto Sol\u00bb y el comienzo de otro ciclo c\u00f3smico, llamado \u00abSexto Sol\u00bb.<\/p>\n<p>\u00bfSab\u00edan algo los mayas que nuestra ciencia actual ignora? \u00bfPodr\u00edan ayudar sus textos sagrados a los cient\u00edficos, desconcertados por el extra\u00f1o e inquietante comportamiento del Astro Rey?<\/p>\n<p>Y sobre todo: \u00bfpor qu\u00e9 motivo prest\u00f3 aquella antigua cultura tanta atenci\u00f3n a la actividad solar de nuestros d\u00edas en tiempos tan remotos?<\/p>\n<p>El calendario maya finaliza abruptamente el s\u00e1bado 23 de diciembre de 2012, 5.125 a\u00f1os despu\u00e9s de iniciarse la era del \u00abQuinto Sol\u00bb.<\/p>\n<p>Seg\u00fan sus profec\u00edas, la causa f\u00edsica desencadenante es que el Sol recibir\u00eda un rayo proveniente del centro de la galaxia y emitir\u00eda una inmensa \u00abllamarada radiante\u00bb que transmitir\u00eda esa radiaci\u00f3n a la Tierra y al resto del sistema solar. Este evento preceder\u00eda al comienzo de un nuevo ciclo c\u00f3smico.<\/p>\n<p>Seg\u00fan su c\u00f3mputo, habr\u00edan tenido lugar ya 5 ciclos de 5.125 a\u00f1os, completando una serie de 25.625 a\u00f1os, periodo muy pr\u00f3ximo al de \u00abla precesi\u00f3n de los equinoccios\u00bb, conocido como \u00abA\u00f1o Plat\u00f3nico\u00bb o \u00abGran A\u00f1o Egipcio\u00bb, correspondiente a un ciclo completo formado por 12 eras astrol\u00f3gicas ( 25.920 a\u00f1os).<\/p>\n<p>Seg\u00fan los mayas, en la Tierra cada ciclo de 5.125 a\u00f1os habr\u00eda sido el escenario de la aventura de una Humanidad \u2013\u00abuna raza\u00bb en su concepto\u2013 y habr\u00eda acabado con su destrucci\u00f3n, seguida por la regeneraci\u00f3n que trae el siguiente ciclo o \u00abSol\u00bb. Al comienzo de \u00e9ste se produce una sincronizaci\u00f3n de la \u00abrespiraci\u00f3n\u00bb de todas las estrellas, planetas y seres.<\/p>\n<p>El 11 de agosto de 3.113 a.C. los mayas fijaron el nacimiento del \u00abQuinto Sol\u00bb \u2013la era actual\u2013 cuyo final llegar\u00eda en 2012. La Era del Agua habr\u00eda acabado con el Diluvio, la posterior a \u00e9sta con un diluvio de fuego y la nuestra, llamada \u00abdel Movimiento\u00bb, finalizar\u00eda con violentos terremotos, erupciones volc\u00e1nicas y huracanes devastadores.<\/p>\n<p><a href=\"http:\/\/tu.tv\"><img decoding=\"async\" src=\"http:\/\/tu.tv\/img\/tranparente.gif\" border=\"0\" alt=\"Videos tu.tv\" \/><\/a><\/p>\n","protected":false},"excerpt":{"rendered":"<p>El cumplimiento de las detalladas predicciones que la antigua cultura maya hizo para el periodo que media entre los a\u00f1os 1992 y 2012 de nuestro calendario plantea un profundo misterio y una pregunta inquietante: \u00bfnos encontramos realmente viviendo el final de una era c\u00f3smica y veremos dentro de cinco a\u00f1os el amanecer de una con [&hellip;]<\/p>\n","protected":false},"author":5433,"featured_media":0,"comment_status":"open","ping_status":"open","sticky":false,"template":"","format":"standard","meta":{"footnotes":""},"categories":[26194],"tags":[34508],"class_list":["post-74","post","type-post","status-publish","format-standard","hentry","category-profecia-maya","tag-profecia-maya"],"_links":{"self":[{"href":"https:\/\/blog.espol.edu.ec\/lfgarcia\/wp-json\/wp\/v2\/posts\/74","targetHints":{"allow":["GET"]}}],"collection":[{"href":"https:\/\/blog.espol.edu.ec\/lfgarcia\/wp-json\/wp\/v2\/posts"}],"about":[{"href":"https:\/\/blog.espol.edu.ec\/lfgarcia\/wp-json\/wp\/v2\/types\/post"}],"author":[{"embeddable":true,"href":"https:\/\/blog.espol.edu.ec\/lfgarcia\/wp-json\/wp\/v2\/users\/5433"}],"replies":[{"embeddable":true,"href":"https:\/\/blog.espol.edu.ec\/lfgarcia\/wp-json\/wp\/v2\/comments?post=74"}],"version-history":[{"count":5,"href":"https:\/\/blog.espol.edu.ec\/lfgarcia\/wp-json\/wp\/v2\/posts\/74\/revisions"}],"predecessor-version":[{"id":80,"href":"https:\/\/blog.espol.edu.ec\/lfgarcia\/wp-json\/wp\/v2\/posts\/74\/revisions\/80"}],"wp:attachment":[{"href":"https:\/\/blog.espol.edu.ec\/lfgarcia\/wp-json\/wp\/v2\/media?parent=74"}],"wp:term":[{"taxonomy":"category","embeddable":true,"href":"https:\/\/blog.espol.edu.ec\/lfgarcia\/wp-json\/wp\/v2\/categories?post=74"},{"taxonomy":"post_tag","embeddable":true,"href":"https:\/\/blog.espol.edu.ec\/lfgarcia\/wp-json\/wp\/v2\/tags?post=74"}],"curies":[{"name":"wp","href":"https:\/\/api.w.org\/{rel}","templated":true}]}}