{"id":2614,"date":"2011-07-01T16:10:06","date_gmt":"2011-07-01T20:10:06","guid":{"rendered":"http:\/\/blog.espol.edu.ec\/lgrodrig\/?p=2614"},"modified":"2011-08-23T11:48:30","modified_gmt":"2011-08-23T15:48:30","slug":"presentacion-de-la-novela-me-llaman-magdalena-de-nombres-raros-y-lagrimas-salobres","status":"publish","type":"post","link":"https:\/\/blog.espol.edu.ec\/lgrodrig\/2011\/presentacion-de-la-novela-me-llaman-magdalena-de-nombres-raros-y-lagrimas-salobres\/","title":{"rendered":"PRESENTACI\u00d3N DE LA NOVELA ME LLAMAN MAGDALENA - De nombres raros y l\u00e1grimas salobres"},"content":{"rendered":"<p><a href=\"http:\/\/blog.espol.edu.ec\/lgrodrig\/files\/2011\/07\/Mi-nieta-y-yo-junio-30-2011.jpg\"><img loading=\"lazy\" decoding=\"async\" class=\"aligncenter size-full wp-image-2613\" title=\"Mi nieta y yo junio 30 - 2011\" src=\"http:\/\/blog.espol.edu.ec\/lgrodrig\/files\/2011\/07\/Mi-nieta-y-yo-junio-30-2011.jpg\" alt=\"\" width=\"2592\" height=\"1944\" srcset=\"https:\/\/blog.espol.edu.ec\/lgrodrig\/files\/2011\/07\/Mi-nieta-y-yo-junio-30-2011.jpg 2592w, https:\/\/blog.espol.edu.ec\/lgrodrig\/files\/2011\/07\/Mi-nieta-y-yo-junio-30-2011-300x225.jpg 300w, https:\/\/blog.espol.edu.ec\/lgrodrig\/files\/2011\/07\/Mi-nieta-y-yo-junio-30-2011-1024x768.jpg 1024w\" sizes=\"auto, (max-width: 2592px) 100vw, 2592px\" \/><\/a><\/p>\n","protected":false},"excerpt":{"rendered":"<p>La fabuladora guayaquile\u00f1a expone en esta obra una t\u00e9cnica que fusiona referencias y alusiones con humor negro y sarcasmo, dentro de construcciones que dan cabida a la iron\u00eda para matizar el tono de la narraci\u00f3n; trasciende una atm\u00f3sfera que envuelve campo y ciudad, desde los din\u00e1micos cuadros de la aldea de la infancia de Magdalena y el est\u00e1tico asiento del sanatorio citadino que ilumina su alucinador relato. (RMB)<\/p>\n","protected":false},"author":247,"featured_media":0,"comment_status":"open","ping_status":"open","sticky":false,"template":"","format":"standard","meta":{"footnotes":""},"categories":[1],"tags":[15895,39826,37634,39827],"class_list":["post-2614","post","type-post","status-publish","format-standard","hentry","category-uncategorized","tag-lagrimas","tag-maga-malabarista-murillo","tag-me-llaman-magdalena","tag-nombres-raros"],"aioseo_notices":[],"_links":{"self":[{"href":"https:\/\/blog.espol.edu.ec\/lgrodrig\/wp-json\/wp\/v2\/posts\/2614","targetHints":{"allow":["GET"]}}],"collection":[{"href":"https:\/\/blog.espol.edu.ec\/lgrodrig\/wp-json\/wp\/v2\/posts"}],"about":[{"href":"https:\/\/blog.espol.edu.ec\/lgrodrig\/wp-json\/wp\/v2\/types\/post"}],"author":[{"embeddable":true,"href":"https:\/\/blog.espol.edu.ec\/lgrodrig\/wp-json\/wp\/v2\/users\/247"}],"replies":[{"embeddable":true,"href":"https:\/\/blog.espol.edu.ec\/lgrodrig\/wp-json\/wp\/v2\/comments?post=2614"}],"version-history":[{"count":2,"href":"https:\/\/blog.espol.edu.ec\/lgrodrig\/wp-json\/wp\/v2\/posts\/2614\/revisions"}],"predecessor-version":[{"id":2670,"href":"https:\/\/blog.espol.edu.ec\/lgrodrig\/wp-json\/wp\/v2\/posts\/2614\/revisions\/2670"}],"wp:attachment":[{"href":"https:\/\/blog.espol.edu.ec\/lgrodrig\/wp-json\/wp\/v2\/media?parent=2614"}],"wp:term":[{"taxonomy":"category","embeddable":true,"href":"https:\/\/blog.espol.edu.ec\/lgrodrig\/wp-json\/wp\/v2\/categories?post=2614"},{"taxonomy":"post_tag","embeddable":true,"href":"https:\/\/blog.espol.edu.ec\/lgrodrig\/wp-json\/wp\/v2\/tags?post=2614"}],"curies":[{"name":"wp","href":"https:\/\/api.w.org\/{rel}","templated":true}]}}