{"id":3002,"date":"2014-08-12T01:10:35","date_gmt":"2014-08-12T05:10:35","guid":{"rendered":"http:\/\/blog.espol.edu.ec\/lgrodrig\/?p=3002"},"modified":"2014-08-12T01:23:42","modified_gmt":"2014-08-12T05:23:42","slug":"agosto-12-del-2014-feliz-cumpleanos-hijo-luis-gabriel","status":"publish","type":"post","link":"https:\/\/blog.espol.edu.ec\/lgrodrig\/2014\/agosto-12-del-2014-feliz-cumpleanos-hijo-luis-gabriel\/","title":{"rendered":"AGOSTO 12 DEL 2014 - FELIZ CUMPLEA\u00d1OS HIJO - LUIS GABRIEL"},"content":{"rendered":"<h2 style=\"text-align: justify\"><em>No me interesa mi edad, ni que la vida haya transcurrido rauda; pero si me preguntan que se siente al ser madre de un se\u00f1or de cuatro d\u00e9cadas (mi primog\u00e9nito), dir\u00e9 que mi coraz\u00f3n se agita de alegr\u00eda y que es un privilegio que as\u00ed sea. <\/em><\/h2>\n<h2 style=\"text-align: justify\"><em>Dios te conceda muchas bendiciones y que el camino que escojas en la vida, sea cual fuere, te colme de bienestar y felicidad. Bendecido hijo.-<\/em><\/h2>\n<dl id=\"\" class=\"wp-caption aligncenter\" style=\"width: 649px\">\n<dt class=\"wp-caption-dt\"><em><img loading=\"lazy\" decoding=\"async\" src=\"https:\/\/scontent-a-mia.xx.fbcdn.net\/hphotos-xfp1\/t1.0-9\/10312618_10202543944772110_4589336960228353682_n.jpg\" alt=\"\" width=\"639\" height=\"591\" \/><\/em><\/dt>\n<dd class=\"wp-caption-dd\">Luis Gabriel y yo<\/dd>\n<dd class=\"wp-caption-dd\"><\/dd>\n<dd class=\"wp-caption-dd\">Gracias a Dios, por ese privilegio de poder disfrutar juntos madre e hijo.<\/dd>\n<\/dl>\n","protected":false},"excerpt":{"rendered":"<p>No me interesa mi edad, ni que la vida haya transcurrido rauda; pero si me preguntan que se siente al ser madre de un se\u00f1or de cuatro d\u00e9cadas (mi primog\u00e9nito), dir\u00e9 que mi coraz\u00f3n se agita de alegr\u00eda y que es un privilegio que as\u00ed sea. Dios te conceda muchas bendiciones y que el camino [&hellip;]<\/p>\n","protected":false},"author":247,"featured_media":0,"comment_status":"open","ping_status":"closed","sticky":false,"template":"","format":"standard","meta":{"footnotes":""},"categories":[1],"tags":[91704,4559,91705],"class_list":["post-3002","post","type-post","status-publish","format-standard","hentry","category-uncategorized","tag-bendecido","tag-feliz-cumpleanos","tag-luis-gabriel"],"aioseo_notices":[],"_links":{"self":[{"href":"https:\/\/blog.espol.edu.ec\/lgrodrig\/wp-json\/wp\/v2\/posts\/3002","targetHints":{"allow":["GET"]}}],"collection":[{"href":"https:\/\/blog.espol.edu.ec\/lgrodrig\/wp-json\/wp\/v2\/posts"}],"about":[{"href":"https:\/\/blog.espol.edu.ec\/lgrodrig\/wp-json\/wp\/v2\/types\/post"}],"author":[{"embeddable":true,"href":"https:\/\/blog.espol.edu.ec\/lgrodrig\/wp-json\/wp\/v2\/users\/247"}],"replies":[{"embeddable":true,"href":"https:\/\/blog.espol.edu.ec\/lgrodrig\/wp-json\/wp\/v2\/comments?post=3002"}],"version-history":[{"count":5,"href":"https:\/\/blog.espol.edu.ec\/lgrodrig\/wp-json\/wp\/v2\/posts\/3002\/revisions"}],"predecessor-version":[{"id":3008,"href":"https:\/\/blog.espol.edu.ec\/lgrodrig\/wp-json\/wp\/v2\/posts\/3002\/revisions\/3008"}],"wp:attachment":[{"href":"https:\/\/blog.espol.edu.ec\/lgrodrig\/wp-json\/wp\/v2\/media?parent=3002"}],"wp:term":[{"taxonomy":"category","embeddable":true,"href":"https:\/\/blog.espol.edu.ec\/lgrodrig\/wp-json\/wp\/v2\/categories?post=3002"},{"taxonomy":"post_tag","embeddable":true,"href":"https:\/\/blog.espol.edu.ec\/lgrodrig\/wp-json\/wp\/v2\/tags?post=3002"}],"curies":[{"name":"wp","href":"https:\/\/api.w.org\/{rel}","templated":true}]}}