{"id":99,"date":"2015-06-27T17:49:29","date_gmt":"2015-06-27T17:49:29","guid":{"rendered":"http:\/\/blog.espol.edu.ec\/lian\/?p=99"},"modified":"2015-06-27T19:39:41","modified_gmt":"2015-06-27T19:39:41","slug":"ballenas-ya-estan-en-puerto-lopez","status":"publish","type":"post","link":"https:\/\/blog.espol.edu.ec\/lian\/2015\/06\/27\/ballenas-ya-estan-en-puerto-lopez\/","title":{"rendered":"Ballenas ya est\u00e1n en Puerto L\u00f3pez"},"content":{"rendered":"<p>El mar frente al cant\u00f3n Puerto L\u00f3pez ya recibe a las gigantes ballenas jorobadas que llegan desde el polo sur con el fin de aparearse y ver nacer a sus cr\u00edas en un ritual que atrae a los turistas nacionales y extranjeros entre los meses de junio y octubre.<\/p>\n<p>En este cant\u00f3n manabita ayer se inici\u00f3 oficialmente la temporada de avistamiento de estos mam\u00edferos que llegan a los 16 metros de longitud. Es el decimosexto a\u00f1o que se promociona como actividad tur\u00edstica.<\/p>\n<p>&nbsp;<\/p>\n<p>&nbsp;<\/p>\n<p>Cristina Castro, representante de la Fundaci\u00f3n Ballenas del Pac\u00edfico en Ecuador, indic\u00f3 que 6 mil ballenas llegan a las costas del pa\u00eds en cada temporada y que de esa cifra hay evidencias de que regresan un 15%.<\/p>\n<p>Destac\u00f3 que se han observado unas 15 especies entre delfines y ballenas. Por ejemplo, en los meses de enero y febrero se evidencia presencia de ballenas tropicales y la Sei, una especie que, seg\u00fan la bi\u00f3loga, es muy rara en el mundo.<\/p>\n<p>Actualmente Castro despliega un estudio para comparar si la llegada del fen\u00f3meno El Ni\u00f1o provocar\u00e1 alg\u00fan comportamiento an\u00f3malo, haciendo comparaciones con los registros que posee de 1997.<\/p>\n<p>El costo del viaje para la observaci\u00f3n de ballenas se mantiene en los 25 d\u00f3lares por persona. En los \u00faltimos 16 a\u00f1os, Puerto L\u00f3pez ha identificado a 80 de estos mam\u00edferos marinos y apadrinado a otros 100.<\/p>\n<p>En las costas de las provincias de Esmeraldas, Santa Elena y El Oro tambi\u00e9n se organizan cada a\u00f1o tours para el avistamiento de ballenas jorobadas, aunque todav\u00eda no se inician.<\/p>\n<p><a href=\"http:\/\/blog.espol.edu.ec\/lian\/files\/2015\/06\/pr04xz220614photo01-1.jpg\"><img loading=\"lazy\" decoding=\"async\" class=\" size-medium wp-image-100 alignright\" src=\"http:\/\/blog.espol.edu.ec\/lian\/files\/2015\/06\/pr04xz220614photo01-1-300x172.jpg\" alt=\"pr04xz220614photo01 (1)\" width=\"300\" height=\"172\" srcset=\"https:\/\/blog.espol.edu.ec\/lian\/files\/2015\/06\/pr04xz220614photo01-1-300x172.jpg 300w, https:\/\/blog.espol.edu.ec\/lian\/files\/2015\/06\/pr04xz220614photo01-1-1024x586.jpg 1024w, https:\/\/blog.espol.edu.ec\/lian\/files\/2015\/06\/pr04xz220614photo01-1.jpg 1400w\" sizes=\"auto, (max-width: 300px) 100vw, 300px\" \/><\/a><\/p>\n<form id=\"vozme_form_b5a5d1c96735eb1937b10799d04bfc79\" method=\"post\" name=\"vozme_form_b5a5d1c96735eb1937b10799d04bfc79\" target=\"b5a5d1c96735eb1937b10799d04bfc79\" action=\"http:\/\/vozme.com\/text2voice.php\"><input name=\"text\" type=\"hidden\" value=\"Ballenas ya est\u00e1n en Puerto L\u00f3pez. El mar frente al cant\u00f3n Puerto L\u00f3pez ya recibe a las gigantes ballenas jorobadas que llegan desde el polo sur con el fin de aparearse y ver nacer a sus cr\u00edas en un ritual que atrae a los turistas nacionales y extranjeros entre los meses de junio y octubre.\nEn este cant\u00f3n manabita ayer se inici\u00f3 oficialmente la temporada de avistamiento de estos mam\u00edferos que llegan a los 16 metros de longitud. Es el decimosexto a\u00f1o que se promociona como actividad tur\u00edstica.\n&nbsp;\n&nbsp;\nCristina Castro, representante de la Fundaci\u00f3n Ballenas del Pac\u00edfico en Ecuador, indic\u00f3 que 6 mil ballenas llegan a las costas del pa\u00eds en cada temporada y que de esa cifra hay evidencias de que regresan un 15%.\nDestac\u00f3 que se han observado unas 15 especies entre delfines y ballenas. Por ejemplo, en los meses de enero y febrero se evidencia presencia de ballenas tropicales y la Sei, una especie que, seg\u00fan la bi\u00f3loga, es muy rara en el mundo.\nActualmente Castro despliega un estudio para comparar si la llegada del fen\u00f3meno El Ni\u00f1o provocar\u00e1 alg\u00fan comportamiento an\u00f3malo, haciendo comparaciones con los registros que posee de 1997.\nEl costo del viaje para la observaci\u00f3n de ballenas se mantiene en los 25 d\u00f3lares por persona. En los \u00faltimos 16 a\u00f1os, Puerto L\u00f3pez ha identificado a 80 de estos mam\u00edferos marinos y apadrinado a otros 100.\nEn las costas de las provincias de Esmeraldas, Santa Elena y El Oro tambi\u00e9n se organizan cada a\u00f1o tours para el avistamiento de ballenas jorobadas, aunque todav\u00eda no se inician.\n\n\" \/><input name=\"lang\" type=\"hidden\" value=\"en\" \/><input name=\"gn\" type=\"hidden\" value=\"ml\" \/><input type=\"hidden\" id=\"interface\" name=\"interface\" value=\"full\" \/>\n\t\t\t<div style=\"margin-left:40%;\">\n\t\t\t\n\t\t\t\t<input style=\"float:left;\" type=\"image\" width=\"40\" height=\"40\" src=\"http:\/\/blog.espol.edu.ec\/lian\/wp-content\/plugins\/vozme\/img\/megaphone40x40w.gif\" alt=\"Hear this post\" onclick=\"window.open('', 'b5a5d1c96735eb1937b10799d04bfc79', 'width=600,height=370,scrollbars=yes,location=yes,menubar=yes,resizable=yes,status=yes,toolbar=yes');\">\n\t\t\t\t<div style=\"margin-left:48px; text-align:left;\"><a style=\"font-size:12px;\" href=\"javascript:void(0);\" onclick=\"window.open('', 'b5a5d1c96735eb1937b10799d04bfc79', 'width=600,height=370,scrollbars=yes,location=yes,menubar=yes,resizable=yes,status=yes,toolbar=yes'); document.getElementById('vozme_form_b5a5d1c96735eb1937b10799d04bfc79').submit();\">Hear<br\/>this post<\/a><\/div>\n\t\t\t<\/div><\/form>","protected":false},"excerpt":{"rendered":"<p>El mar frente al cant\u00f3n Puerto L\u00f3pez ya recibe a las gigantes ballenas jorobadas que llegan desde el polo sur con el fin de aparearse y ver nacer a sus cr\u00edas en un ritual que atrae a los turistas nacionales y extranjeros entre los meses de junio y octubre. En este cant\u00f3n manabita ayer se [&hellip;]<\/p>\n","protected":false},"author":9686,"featured_media":0,"comment_status":"open","ping_status":"open","sticky":false,"template":"","format":"standard","meta":{"footnotes":""},"categories":[3825],"tags":[],"class_list":["post-99","post","type-post","status-publish","format-standard","hentry","category-ballenas"],"_links":{"self":[{"href":"https:\/\/blog.espol.edu.ec\/lian\/wp-json\/wp\/v2\/posts\/99","targetHints":{"allow":["GET"]}}],"collection":[{"href":"https:\/\/blog.espol.edu.ec\/lian\/wp-json\/wp\/v2\/posts"}],"about":[{"href":"https:\/\/blog.espol.edu.ec\/lian\/wp-json\/wp\/v2\/types\/post"}],"author":[{"embeddable":true,"href":"https:\/\/blog.espol.edu.ec\/lian\/wp-json\/wp\/v2\/users\/9686"}],"replies":[{"embeddable":true,"href":"https:\/\/blog.espol.edu.ec\/lian\/wp-json\/wp\/v2\/comments?post=99"}],"version-history":[{"count":1,"href":"https:\/\/blog.espol.edu.ec\/lian\/wp-json\/wp\/v2\/posts\/99\/revisions"}],"predecessor-version":[{"id":101,"href":"https:\/\/blog.espol.edu.ec\/lian\/wp-json\/wp\/v2\/posts\/99\/revisions\/101"}],"wp:attachment":[{"href":"https:\/\/blog.espol.edu.ec\/lian\/wp-json\/wp\/v2\/media?parent=99"}],"wp:term":[{"taxonomy":"category","embeddable":true,"href":"https:\/\/blog.espol.edu.ec\/lian\/wp-json\/wp\/v2\/categories?post=99"},{"taxonomy":"post_tag","embeddable":true,"href":"https:\/\/blog.espol.edu.ec\/lian\/wp-json\/wp\/v2\/tags?post=99"}],"curies":[{"name":"wp","href":"https:\/\/api.w.org\/{rel}","templated":true}]}}