{"id":11,"date":"2009-06-05T12:21:31","date_gmt":"2009-06-05T16:21:31","guid":{"rendered":"http:\/\/blog.espol.edu.ec\/lictur\/2009\/06\/05\/carchi\/"},"modified":"2009-07-11T20:00:16","modified_gmt":"2009-07-12T01:00:16","slug":"carchi","status":"publish","type":"post","link":"https:\/\/blog.espol.edu.ec\/lictur\/2009\/06\/05\/carchi\/","title":{"rendered":"Carchi"},"content":{"rendered":"<p class=\"MsoNormal\" style=\"text-align: justify\"><span style=\"font-size: 20pt\"><img loading=\"lazy\" decoding=\"async\" class=\"alignleft size-thumbnail wp-image-190\" src=\"http:\/\/blog.espol.edu.ec\/lictur\/files\/2009\/06\/tuafrail-150x150.jpg\" alt=\"tuafrail\" width=\"150\" height=\"150\" \/><\/span><\/p>\n<p class=\"MsoNormal\" style=\"text-align: justify\">La capital de esta hermosa provincia denominada Para\u00edso del Norte,\u00a0es Tulc\u00e1n y\u00a0tiene una superficie de<span> <\/span>3.605 Km2 y una poblaci\u00f3n de 167.175 Hab.<\/p>\n<p class=\"MsoNormal\" style=\"text-align: justify\">Consta de 6 cantones que son Bol\u00edvar, El \u00c1ngel, Mira, Montufar, San Gabriel y Tulc\u00e1n.<\/p>\n<p class=\"MsoNormal\" style=\"text-align: justify\">Est\u00e1 limitada al norte Colombia, al sur Imbabura, al este Sucumb\u00edos, al oeste Esmeralda.<\/p>\n<p class=\"MsoNormal\" style=\"text-align: justify\">Posee un clima de tipo p\u00e1ramo, mesot\u00e9rmico, h\u00famedo y semih\u00famedo. Las temperaturas oscilan entre los 10 y 15 grados cent\u00edgrados.<br \/>\nHacia el valle del Chota, el clima est\u00e1 influido por un estado mesot\u00e9rmico seco.<\/p>\n<p class=\"MsoNormal\" style=\"text-align: justify\">El sistema orogr\u00e1fico es sinuoso y accidentado. Se destacan las estribaciones de Chiltaz\u00f3n y Ostional como tambi\u00e9n los p\u00e1ramos del \u00c1ngel.<br \/>\nLas elevaciones de mayor importancia son Chiles con 4.723 metros, Mirador con 4.082 metros, y Cerro Negro con 4.465 metros.<\/p>\n<p class=\"MsoNormal\" style=\"text-align: justify\">El sistema hidrogr\u00e1fico lo constituyen principalmente los r\u00edosCarchi, San Juan y el Chota, que luego toma nombre de Mira junto con el Mayasquer que nace en el volc\u00e1n Chiles y va hacia el Norte.<\/p>\n<p class=\"MsoNormal\" style=\"text-align: center\">\u00a0\u00a0<img loading=\"lazy\" decoding=\"async\" class=\"aligncenter size-medium wp-image-686\" src=\"http:\/\/blog.espol.edu.ec\/lictur\/files\/2009\/06\/banner-tulcan-300x77.jpg\" alt=\"banner-tulcan\" width=\"300\" height=\"77\" srcset=\"https:\/\/blog.espol.edu.ec\/lictur\/files\/2009\/06\/banner-tulcan-300x77.jpg 300w, https:\/\/blog.espol.edu.ec\/lictur\/files\/2009\/06\/banner-tulcan.jpg 581w\" sizes=\"auto, (max-width: 300px) 100vw, 300px\" \/><\/p>\n<p class=\"MsoNormal\" style=\"text-align: justify\">\n<p class=\"MsoNormal\" style=\"text-align: right\"><em>Tatiana Vargas<\/em><\/p>\n<p class=\"MsoNormal\" style=\"text-align: justify\">\u00a0<\/p>\n","protected":false},"excerpt":{"rendered":"<p>La capital de esta hermosa provincia denominada Para\u00edso del Norte,\u00a0es Tulc\u00e1n y\u00a0tiene una superficie de 3.605 Km2 y una poblaci\u00f3n de 167.175 Hab. Consta de 6 cantones que son Bol\u00edvar, El \u00c1ngel, Mira, Montufar, San Gabriel y Tulc\u00e1n. Est\u00e1 limitada al norte Colombia, al sur Imbabura, al este Sucumb\u00edos, al oeste Esmeralda. Posee un clima [&hellip;]<\/p>\n","protected":false},"author":2045,"featured_media":0,"comment_status":"open","ping_status":"open","sticky":false,"template":"","format":"standard","meta":{"_monsterinsights_skip_tracking":false,"_monsterinsights_sitenote_active":false,"_monsterinsights_sitenote_note":"","_monsterinsights_sitenote_category":0,"footnotes":""},"categories":[7091],"tags":[7076],"class_list":["post-11","post","type-post","status-publish","format-standard","hentry","category-provincias","tag-carchi"],"_links":{"self":[{"href":"https:\/\/blog.espol.edu.ec\/lictur\/wp-json\/wp\/v2\/posts\/11","targetHints":{"allow":["GET"]}}],"collection":[{"href":"https:\/\/blog.espol.edu.ec\/lictur\/wp-json\/wp\/v2\/posts"}],"about":[{"href":"https:\/\/blog.espol.edu.ec\/lictur\/wp-json\/wp\/v2\/types\/post"}],"author":[{"embeddable":true,"href":"https:\/\/blog.espol.edu.ec\/lictur\/wp-json\/wp\/v2\/users\/2045"}],"replies":[{"embeddable":true,"href":"https:\/\/blog.espol.edu.ec\/lictur\/wp-json\/wp\/v2\/comments?post=11"}],"version-history":[{"count":25,"href":"https:\/\/blog.espol.edu.ec\/lictur\/wp-json\/wp\/v2\/posts\/11\/revisions"}],"predecessor-version":[{"id":170,"href":"https:\/\/blog.espol.edu.ec\/lictur\/wp-json\/wp\/v2\/posts\/11\/revisions\/170"}],"wp:attachment":[{"href":"https:\/\/blog.espol.edu.ec\/lictur\/wp-json\/wp\/v2\/media?parent=11"}],"wp:term":[{"taxonomy":"category","embeddable":true,"href":"https:\/\/blog.espol.edu.ec\/lictur\/wp-json\/wp\/v2\/categories?post=11"},{"taxonomy":"post_tag","embeddable":true,"href":"https:\/\/blog.espol.edu.ec\/lictur\/wp-json\/wp\/v2\/tags?post=11"}],"curies":[{"name":"wp","href":"https:\/\/api.w.org\/{rel}","templated":true}]}}