{"id":1255,"date":"2009-07-13T10:57:42","date_gmt":"2009-07-13T15:57:42","guid":{"rendered":"http:\/\/blog.espol.edu.ec\/lictur\/?p=1255"},"modified":"2009-07-14T23:43:32","modified_gmt":"2009-07-15T04:43:32","slug":"romeria-de-la-virgen-del-cisne","status":"publish","type":"post","link":"https:\/\/blog.espol.edu.ec\/lictur\/2009\/07\/13\/romeria-de-la-virgen-del-cisne\/","title":{"rendered":"Romer\u00eda de la Virgen del Cisne"},"content":{"rendered":"<p class=\"MsoNormal\" style=\"margin: 0in 0in 10pt;text-align: justify\"><span style=\"font-size: 12pt\" lang=\"ES\"><span style=\"font-family: Times New Roman\">Una<span>\u00a0 <\/span>de las im\u00e1genes mas veneradas del Ecuador es la Virgen del Cisne.<\/span><\/span><\/p>\n<p class=\"MsoNormal\" style=\"margin: 0in 0in 10pt;text-align: justify\"><span style=\"font-size: 12pt\" lang=\"ES\"><span style=\"font-family: Times New Roman\">Pero su fe y devoci\u00f3n no solo se vive en el Ecuador, tambi\u00e9n cuenta con peregrinos en ciudades como<span>\u00a0 <\/span>Nueva York y Madrid.<\/span><\/span><\/p>\n<p class=\"MsoNormal\" style=\"margin: 0in 0in 10pt;text-align: justify\"><span style=\"font-size: 12pt\" lang=\"ES\"><span style=\"font-family: Times New Roman\">Su tradici\u00f3n tiene sus comienzos en Europa con la orden de \u201cLos <span>\u00a0<\/span>Caballeros del Cisne\u201d a cargo de los padres Franciscanos, quienes elevaban templos en honor a la virgen Mar\u00eda en pa\u00edses como Francia, Alemania y Espa\u00f1a<\/span><\/span><\/p>\n<p class=\"MsoNormal\" style=\"margin: 0in 0in 10pt;text-align: justify\"><span style=\"font-size: 12pt\" lang=\"ES\"><span style=\"font-family: Times New Roman\">Debido a que los padres franciscanos acompa\u00f1aron a Alonso Mercadillo a la fundaci\u00f3n de Loja, introdujeron el culto a la virgen del Cisne.<\/span><\/span><\/p>\n<p class=\"MsoNormal\" style=\"margin: 0in 0in 10pt;text-align: justify\"><span style=\"font-size: 12pt\" lang=\"ES\"><span style=\"font-family: Times New Roman\">La<span>\u00a0 <\/span>romer\u00eda se realiza los d\u00edas 17-18-19 y 20 de agosto. Acto que se debe al decreto realizado por Sim\u00f3n Bol\u00edvar en julio de 1829, dando lugar a la creaci\u00f3n de la feria de Loja. Adem\u00e1s <span>\u00a0<\/span>se deb\u00eda trasladar a la Virgen en hombros de sus hijos desde el Cisne hasta Loja.<\/span><\/span><\/p>\n<p class=\"MsoNormal\" style=\"margin: 0in 0in 10pt;text-align: justify\"><span style=\"font-size: 12pt\" lang=\"ES\"><span style=\"font-family: Times New Roman\">A esta peregrinaci\u00f3n acuden personas de todos lados, de diferentes clases sociales, color de piel: lo \u00fanico que importa es su gran fe y devoci\u00f3n que cada vez aumenta cuando se escucha de los muchos milagros que han ocurrido.<\/span><\/span><\/p>\n<p class=\"MsoNormal\" style=\"margin: 0in 0in 10pt;text-align: justify\"><span style=\"font-size: 12pt\" lang=\"ES\"><span style=\"font-family: Times New Roman\">La trayectoria cubre 75 Km. Actualmente el ingreso de la<span>\u00a0 <\/span>virgen a la ciudad es por la carretera nueva, deteni\u00e9ndose en la Zona Militar donde se celebra la eucarist\u00eda y se arregla a la Churona para entrar a la ciudad en donde le espera una gran bienvenida en la que colaboran los devotos; donde realizan serenatas, juegos pirot\u00e9cnicos que anuncian la llegada de la Reina de el Cisne. Para acto seguido ser llevada en una procesi\u00f3n hasta la catedral en la que estar\u00e1 por alg\u00fan tiempo, y luego comenzara a visitar las dem\u00e1s iglesias hasta el d\u00eda primero de noviembre que regresara hasta su santuario en el Cisne. <\/span><\/span><\/p>\n<p class=\"MsoNormal\" style=\"margin: 0in 0in 10pt;text-align: justify\"><span style=\"font-size: 12pt\" lang=\"ES\"><span style=\"font-family: Times New Roman\">Se realizan varios eventos hasta que la virgen regrese a su santuario, como celebraciones de eucarist\u00edas a diferentes horas, quema de juegos pirot\u00e9cnicos, una de las ferias m\u00e1s antiguas de Latino Am\u00e9rica entre otro.<\/span><\/span><\/p>\n<p class=\"MsoNormal\" style=\"margin: 0in 0in 10pt;text-align: justify\"><span style=\"font-size: 12pt\" lang=\"ES\"><span style=\"font-family: Times New Roman\">Omaira Navarrete.<\/span><\/span><\/p>\n","protected":false},"excerpt":{"rendered":"<p>Una\u00a0 de las im\u00e1genes mas veneradas del Ecuador es la Virgen del Cisne. Pero su fe y devoci\u00f3n no solo se vive en el Ecuador, tambi\u00e9n cuenta con peregrinos en ciudades como\u00a0 Nueva York y Madrid. Su tradici\u00f3n tiene sus comienzos en Europa con la orden de \u201cLos \u00a0Caballeros del Cisne\u201d a cargo de los [&hellip;]<\/p>\n","protected":false},"author":2045,"featured_media":0,"comment_status":"open","ping_status":"open","sticky":false,"template":"","format":"standard","meta":{"_monsterinsights_skip_tracking":false,"_monsterinsights_sitenote_active":false,"_monsterinsights_sitenote_note":"","_monsterinsights_sitenote_category":0,"footnotes":""},"categories":[8009,1199],"tags":[7079],"class_list":["post-1255","post","type-post","status-publish","format-standard","hentry","category-atractivos-turisticos","category-cultura","tag-loja"],"_links":{"self":[{"href":"https:\/\/blog.espol.edu.ec\/lictur\/wp-json\/wp\/v2\/posts\/1255","targetHints":{"allow":["GET"]}}],"collection":[{"href":"https:\/\/blog.espol.edu.ec\/lictur\/wp-json\/wp\/v2\/posts"}],"about":[{"href":"https:\/\/blog.espol.edu.ec\/lictur\/wp-json\/wp\/v2\/types\/post"}],"author":[{"embeddable":true,"href":"https:\/\/blog.espol.edu.ec\/lictur\/wp-json\/wp\/v2\/users\/2045"}],"replies":[{"embeddable":true,"href":"https:\/\/blog.espol.edu.ec\/lictur\/wp-json\/wp\/v2\/comments?post=1255"}],"version-history":[{"count":4,"href":"https:\/\/blog.espol.edu.ec\/lictur\/wp-json\/wp\/v2\/posts\/1255\/revisions"}],"predecessor-version":[{"id":1257,"href":"https:\/\/blog.espol.edu.ec\/lictur\/wp-json\/wp\/v2\/posts\/1255\/revisions\/1257"}],"wp:attachment":[{"href":"https:\/\/blog.espol.edu.ec\/lictur\/wp-json\/wp\/v2\/media?parent=1255"}],"wp:term":[{"taxonomy":"category","embeddable":true,"href":"https:\/\/blog.espol.edu.ec\/lictur\/wp-json\/wp\/v2\/categories?post=1255"},{"taxonomy":"post_tag","embeddable":true,"href":"https:\/\/blog.espol.edu.ec\/lictur\/wp-json\/wp\/v2\/tags?post=1255"}],"curies":[{"name":"wp","href":"https:\/\/api.w.org\/{rel}","templated":true}]}}