{"id":185,"date":"2009-06-13T19:19:19","date_gmt":"2009-06-14T00:19:19","guid":{"rendered":"http:\/\/blog.espol.edu.ec\/lictur\/?p=185"},"modified":"2009-06-23T19:51:14","modified_gmt":"2009-06-24T00:51:14","slug":"carchi-2","status":"publish","type":"post","link":"https:\/\/blog.espol.edu.ec\/lictur\/2009\/06\/13\/carchi-2\/","title":{"rendered":"La Gruta de La Paz"},"content":{"rendered":"<p style=\"text-align: right\"><img loading=\"lazy\" decoding=\"async\" class=\"alignright size-thumbnail wp-image-230\" src=\"http:\/\/blog.espol.edu.ec\/lictur\/files\/2009\/06\/carchi_grutadelapaz-150x150.jpg\" alt=\"carchi_grutadelapaz\" width=\"150\" height=\"150\" \/><\/p>\n<p class=\"MsoNormal\" style=\"text-align: justify\"><span lang=\"ES\"><\/span><\/p>\n<p class=\"MsoNormal\" style=\"margin: 0cm 0cm 10pt;text-align: justify\"><span style=\"color: black\"><span style=\"font-size: small\"><span style=\"font-family: Calibri\">Este lugar ha sido declarado Santuario Nacional y en sus inmediaciones encontramos varias placas de agradecimiento de fieles que han recibido milagros por parte de la virgen; impresiona al viajero el observar muletas o sillas de ruedas de quienes le oraron con fe y curaron sus dolencias. La escultura de la virgen fue tallada por el famoso escultor ibarre\u00f1o Daniel Reyes quien se inspir\u00f3 en Notre Dame de Par\u00eds como plegaria para el cese de fuego en la Primera Guerra Mundial all\u00e1 por el a\u00f1o de 1916.<\/span><\/span><\/span><\/p>\n<p class=\"MsoNormal\" style=\"margin: 0cm 0cm 10pt;text-align: justify\"><span style=\"color: black\"><span style=\"font-size: small\"><span style=\"font-family: Calibri\">La Gruta de La Paz, un santuario de la Virgen Mar\u00eda enclavado en una impresionante caverna en el ca\u00f1\u00f3n del r\u00edo Apaqu\u00ed. Est\u00e1 ubicada a 7 kil\u00f3metros de la poblaci\u00f3n del mismo nombre, en Carchi. Tiene dos v\u00edas de acceso que atraviesan parajes andinos y una de ellas por t\u00faneles naturales. La Gruta es una formaci\u00f3n natural moldeada milim\u00e9tricamente por las cinceladas de la corriente del r\u00edo Apaqu\u00ed, que la cruza en unos 150 m y forma el puente Rumichaca. \u00c9ste maravilloso lugar es uno de los sitios m\u00e1s representativos del Cant\u00f3n Mont\u00fafar. Est\u00e1 ubicado a 26 km. de San Gabriel y se ha convertido en el sitio m\u00e1s visitado por turistas nacionales y extranjeros.<\/span><\/span><\/span><\/p>\n<p class=\"MsoNormal\" style=\"margin: 0cm 0cm 0pt;text-align: justify\"><span style=\"font-size: small\"><span style=\"font-family: Calibri\"><span style=\"color: black\" lang=\"ES\">En las aguas del R\u00edo Apaqu\u00ed<span>\u00a0 <\/span>se est\u00e1n realizando adecuaciones para la satisfacci\u00f3n de los turistas que visitan la Gruta de la Paz. <\/span><span style=\"color: black\"><\/span><\/span><\/span><\/p>\n<p class=\"MsoNormal\" style=\"margin: 0cm 0cm 10pt;text-align: justify\"><span style=\"font-size: small;font-family: Calibri\">\u00a0<\/span><\/p>\n<p class=\"MsoNormal\" style=\"margin: 0cm 0cm 10pt;text-align: justify\"><em>Tatiana Vargas<\/em><\/p>\n","protected":false},"excerpt":{"rendered":"<p>Este lugar ha sido declarado Santuario Nacional y en sus inmediaciones encontramos varias placas de agradecimiento de fieles que han recibido milagros por parte de la virgen; impresiona al viajero el observar muletas o sillas de ruedas de quienes le oraron con fe y curaron sus dolencias. La escultura de la virgen fue tallada por [&hellip;]<\/p>\n","protected":false},"author":2045,"featured_media":0,"comment_status":"open","ping_status":"open","sticky":false,"template":"","format":"standard","meta":{"_monsterinsights_skip_tracking":false,"_monsterinsights_sitenote_active":false,"_monsterinsights_sitenote_note":"","_monsterinsights_sitenote_category":0,"footnotes":""},"categories":[7092,8009],"tags":[7076],"class_list":["post-185","post","type-post","status-publish","format-standard","hentry","category-areas-naturales","category-atractivos-turisticos","tag-carchi"],"_links":{"self":[{"href":"https:\/\/blog.espol.edu.ec\/lictur\/wp-json\/wp\/v2\/posts\/185","targetHints":{"allow":["GET"]}}],"collection":[{"href":"https:\/\/blog.espol.edu.ec\/lictur\/wp-json\/wp\/v2\/posts"}],"about":[{"href":"https:\/\/blog.espol.edu.ec\/lictur\/wp-json\/wp\/v2\/types\/post"}],"author":[{"embeddable":true,"href":"https:\/\/blog.espol.edu.ec\/lictur\/wp-json\/wp\/v2\/users\/2045"}],"replies":[{"embeddable":true,"href":"https:\/\/blog.espol.edu.ec\/lictur\/wp-json\/wp\/v2\/comments?post=185"}],"version-history":[{"count":14,"href":"https:\/\/blog.espol.edu.ec\/lictur\/wp-json\/wp\/v2\/posts\/185\/revisions"}],"predecessor-version":[{"id":341,"href":"https:\/\/blog.espol.edu.ec\/lictur\/wp-json\/wp\/v2\/posts\/185\/revisions\/341"}],"wp:attachment":[{"href":"https:\/\/blog.espol.edu.ec\/lictur\/wp-json\/wp\/v2\/media?parent=185"}],"wp:term":[{"taxonomy":"category","embeddable":true,"href":"https:\/\/blog.espol.edu.ec\/lictur\/wp-json\/wp\/v2\/categories?post=185"},{"taxonomy":"post_tag","embeddable":true,"href":"https:\/\/blog.espol.edu.ec\/lictur\/wp-json\/wp\/v2\/tags?post=185"}],"curies":[{"name":"wp","href":"https:\/\/api.w.org\/{rel}","templated":true}]}}