{"id":349,"date":"2009-06-19T20:54:11","date_gmt":"2009-06-20T01:54:11","guid":{"rendered":"http:\/\/blog.espol.edu.ec\/lictur\/?p=349"},"modified":"2009-07-02T08:38:18","modified_gmt":"2009-07-02T13:38:18","slug":"centro-historico-de-cuenca","status":"publish","type":"post","link":"https:\/\/blog.espol.edu.ec\/lictur\/2009\/06\/19\/centro-historico-de-cuenca\/","title":{"rendered":"Centro Hist\u00f3rico de Cuenca"},"content":{"rendered":"<p class=\"MsoNormal\" style=\"text-align: justify\"><span lang=\"ES-EC\"><img loading=\"lazy\" decoding=\"async\" class=\"alignleft size-medium wp-image-855\" src=\"http:\/\/blog.espol.edu.ec\/lictur\/files\/2009\/06\/dsc00828-300x225.jpg\" alt=\"dsc00828\" width=\"300\" height=\"225\" srcset=\"https:\/\/blog.espol.edu.ec\/lictur\/files\/2009\/06\/dsc00828-300x225.jpg 300w, https:\/\/blog.espol.edu.ec\/lictur\/files\/2009\/06\/dsc00828-1024x768.jpg 1024w\" sizes=\"auto, (max-width: 300px) 100vw, 300px\" \/>En un sitio donde m\u00e1s resalta su arquitectura contempor\u00e1nea y representativa en el paisaje de la ciudad en la cual se puede representar su identidad y su historia. Tuvo un esfuerzo cultural y tur\u00edstico para poder ser un patrimonio cultural de la humanidad que tiene construcciones de iglesias y templos que llama la atenci\u00f3n, sus calles con adoquines rectangulares realizados en el siglo XVI, sus casas pocas de ellas coloniales decoradas con una arquitectura republicana con balcones de hierro, lo que tambi\u00e9n se puede destacar es la Casa Museo \u201cRemigio Crespo Toral\u201d, la Casa de la Temperancia sede actual del Museo Municipal de Arte Moderno; la \u201cCasa de las Palomas\u201d, el pasaje Hortensia Mata, la Casa Azul, la Casa de las Galer\u00edas y su coraz\u00f3n que es el parque Abd\u00f3n Calder\u00f3n, la Antigua Plaza de Armas o Plaza Grande.<span> <\/span><\/span><\/p>\n<p class=\"MsoNormal\" style=\"text-align: justify\"><span lang=\"ES-EC\"><img loading=\"lazy\" decoding=\"async\" class=\"alignright size-medium wp-image-854\" src=\"http:\/\/blog.espol.edu.ec\/lictur\/files\/2009\/06\/dsc00824-300x225.jpg\" alt=\"dsc00824\" width=\"300\" height=\"225\" srcset=\"https:\/\/blog.espol.edu.ec\/lictur\/files\/2009\/06\/dsc00824-300x225.jpg 300w, https:\/\/blog.espol.edu.ec\/lictur\/files\/2009\/06\/dsc00824-1024x768.jpg 1024w\" sizes=\"auto, (max-width: 300px) 100vw, 300px\" \/>En lo actual la arquitectura de Cuenca en especial su Centro Hist\u00f3rico sigue conservando la misma tendencia y procuran respetar las caracter\u00edsticas de cada edificio y el entorno urbano.<\/span><\/p>\n<p class=\"MsoNormal\" style=\"text-align: justify\"><span lang=\"ES-EC\"><em>Gabriela Alvarado<br \/>\n<\/em><\/span><\/p>\n","protected":false},"excerpt":{"rendered":"<p>En un sitio donde m\u00e1s resalta su arquitectura contempor\u00e1nea y representativa en el paisaje de la ciudad en la cual se puede representar su identidad y su historia. Tuvo un esfuerzo cultural y tur\u00edstico para poder ser un patrimonio cultural de la humanidad que tiene construcciones de iglesias y templos que llama la atenci\u00f3n, sus [&hellip;]<\/p>\n","protected":false},"author":2045,"featured_media":0,"comment_status":"open","ping_status":"open","sticky":false,"template":"","format":"standard","meta":{"_monsterinsights_skip_tracking":false,"_monsterinsights_sitenote_active":false,"_monsterinsights_sitenote_note":"","_monsterinsights_sitenote_category":0,"footnotes":""},"categories":[8009,1199],"tags":[7073],"class_list":["post-349","post","type-post","status-publish","format-standard","hentry","category-atractivos-turisticos","category-cultura","tag-azuay"],"_links":{"self":[{"href":"https:\/\/blog.espol.edu.ec\/lictur\/wp-json\/wp\/v2\/posts\/349","targetHints":{"allow":["GET"]}}],"collection":[{"href":"https:\/\/blog.espol.edu.ec\/lictur\/wp-json\/wp\/v2\/posts"}],"about":[{"href":"https:\/\/blog.espol.edu.ec\/lictur\/wp-json\/wp\/v2\/types\/post"}],"author":[{"embeddable":true,"href":"https:\/\/blog.espol.edu.ec\/lictur\/wp-json\/wp\/v2\/users\/2045"}],"replies":[{"embeddable":true,"href":"https:\/\/blog.espol.edu.ec\/lictur\/wp-json\/wp\/v2\/comments?post=349"}],"version-history":[{"count":6,"href":"https:\/\/blog.espol.edu.ec\/lictur\/wp-json\/wp\/v2\/posts\/349\/revisions"}],"predecessor-version":[{"id":351,"href":"https:\/\/blog.espol.edu.ec\/lictur\/wp-json\/wp\/v2\/posts\/349\/revisions\/351"}],"wp:attachment":[{"href":"https:\/\/blog.espol.edu.ec\/lictur\/wp-json\/wp\/v2\/media?parent=349"}],"wp:term":[{"taxonomy":"category","embeddable":true,"href":"https:\/\/blog.espol.edu.ec\/lictur\/wp-json\/wp\/v2\/categories?post=349"},{"taxonomy":"post_tag","embeddable":true,"href":"https:\/\/blog.espol.edu.ec\/lictur\/wp-json\/wp\/v2\/tags?post=349"}],"curies":[{"name":"wp","href":"https:\/\/api.w.org\/{rel}","templated":true}]}}