{"id":411,"date":"2009-06-22T20:47:55","date_gmt":"2009-06-23T01:47:55","guid":{"rendered":"http:\/\/blog.espol.edu.ec\/lictur\/?p=411"},"modified":"2009-08-12T22:56:49","modified_gmt":"2009-08-13T03:56:49","slug":"411","status":"publish","type":"post","link":"https:\/\/blog.espol.edu.ec\/lictur\/2009\/06\/22\/411\/","title":{"rendered":"El Malec\u00f3n 2000"},"content":{"rendered":"<p class=\"MsoNormal\" style=\"margin: 0cm 0cm 12pt;text-align: justify\"><span style=\"font-family: Calibri\"><span lang=\"ES-EC\"><a href=\"http:\/\/blog.espol.edu.ec\/lictur\/files\/2009\/06\/2da_foto.jpg\"><img loading=\"lazy\" decoding=\"async\" class=\"alignleft size-medium wp-image-412\" src=\"http:\/\/blog.espol.edu.ec\/lictur\/files\/2009\/06\/2da_foto-300x225.jpg\" alt=\"2da_foto\" width=\"300\" height=\"225\" srcset=\"https:\/\/blog.espol.edu.ec\/lictur\/files\/2009\/06\/2da_foto-300x225.jpg 300w, https:\/\/blog.espol.edu.ec\/lictur\/files\/2009\/06\/2da_foto-1024x768.jpg 1024w, https:\/\/blog.espol.edu.ec\/lictur\/files\/2009\/06\/2da_foto.jpg 1600w\" sizes=\"auto, (max-width: 300px) 100vw, 300px\" \/><\/a>Sin lugar a dudas uno de los mejores sitios que tiene Guayaquil para visitar, es el Malec\u00f3n 2000. Un espacio donde se puede imaginar un mundo de naturaleza, de tecnolog\u00eda y ambiente puro.<\/span><\/span><\/p>\n<p class=\"MsoNormal\" style=\"margin: 0cm 0cm 12pt;text-align: justify\"><span style=\"font-family: Calibri\"><span lang=\"ES-EC\">Este sitio es lleno de historia, debido a que en este Malec\u00f3n fue donde se reunieron los Libertadores Sim\u00f3n Bol\u00edvar y San Mart\u00edn.<\/span><\/span><\/p>\n<p class=\"MsoNormal\" style=\"margin: 0cm 0cm 12pt;text-align: justify\"><span style=\"font-family: Calibri\"><span lang=\"ES-EC\">Su nombre verdadero es Malec\u00f3n Sim\u00f3n Bol\u00edvar, y cuenta con \u00e1reas naturales, recreacionales para ni\u00f1os y adultos, tambi\u00e9n con patios de comidas, bares, museos, jardines, fuentes, centro comercial, cuenta tambi\u00e9n con muelles y el primer cine IMAX de Sudam\u00e9rica, y para complementar este sitio maravilloso se encuentra ubicado al pie del rio Guayas. <\/span><\/span><\/p>\n<p class=\"MsoNormal\" style=\"margin: 0cm 0cm 12pt;text-align: justify\"><span style=\"font-family: Calibri\"><span lang=\"ES-EC\">Frente a este paradisiaco lugar est\u00e1 ubicada la isla Santay, la cual los turistas acuden para hacer turismo comunitario y turismo de naturaleza, para llegar a esta Isla hay que tomar un yate llamado Discovery, y su\u00a0precio va de los $7 a $10 por persona.<\/span><\/span><\/p>\n<p class=\"MsoNormal\" style=\"margin: 0cm 0cm 12pt;text-align: justify\"><span style=\"font-family: Calibri\"><span lang=\"ES-EC\"><a href=\"http:\/\/blog.espol.edu.ec\/lictur\/files\/2009\/06\/img_6925.jpg\"><img loading=\"lazy\" decoding=\"async\" class=\"alignright size-medium wp-image-1720\" src=\"http:\/\/blog.espol.edu.ec\/lictur\/files\/2009\/06\/img_6925-300x225.jpg\" alt=\"img_6925\" width=\"300\" height=\"225\" srcset=\"https:\/\/blog.espol.edu.ec\/lictur\/files\/2009\/06\/img_6925-300x225.jpg 300w, https:\/\/blog.espol.edu.ec\/lictur\/files\/2009\/06\/img_6925-1024x768.jpg 1024w\" sizes=\"auto, (max-width: 300px) 100vw, 300px\" \/><\/a>Otra de las atracciones que tiene el Malec\u00f3n, son los paseos que se pueden hacer desde las embarcaciones del Discovery antes mencionado y del barco Henry Morgan, estos paseos se los puede realizar en la noche o por la ma\u00f1ana y recorrer el r\u00edo Guayas con vista a la Isla Santay y Vista a Duran, cant\u00f3n del Guayas. Adem\u00e1s desde la orilla del Malec\u00f3n se puede ver la ciudad con los diferentes miradores ubicados en puntos estrat\u00e9gicos del Malec\u00f3n.<\/span><\/span><\/p>\n<p class=\"MsoNormal\" style=\"margin: 0cm 0cm 12pt;text-align: justify\"><span style=\"font-family: Calibri\"><span lang=\"ES-EC\">Algo muy importante es que nuestro Malec\u00f3n fue declarado por la Organizaci\u00f3n Mundial de la Salud como \u201cespacio p\u00fablico saludable\u201d y adem\u00e1s es considerado un buen modelo a seguir por otros pa\u00edses.<\/span><\/span><\/p>\n<p class=\"MsoNormal\" style=\"margin: 0cm 0cm 12pt;text-align: justify\"><span style=\"font-family: Calibri\"><span lang=\"ES-EC\">El Malec\u00f3n 2000 realiza un sin n\u00fameros de eventos para hacer promociones y para que la gente acuda y se divierta, ofrece conciertos, exposiciones de pinturas, ferias entre otras cosas.<\/span><\/span><\/p>\n<p class=\"MsoNormal\" style=\"margin: 0cm 0cm 12pt;text-align: justify\"><span style=\"font-family: Calibri\"><span lang=\"ES-EC\">Se encuentra en la parte c\u00e9ntrica de la Urbe y brinda la suficiente seguridad para que el turista se sienta bien como en su propia casa. A este lugar acuden aproximadamente 95 millones de visitantes, entre nacionales y extranjeros.<\/span><\/span><\/p>\n<p class=\"MsoNormal\" style=\"margin: 0cm 0cm 12pt;text-align: justify\"><span style=\"font-family: Calibri\"><span lang=\"ES-EC\">Se encuentra aproximadamente a 20 minutos del terminal terrestre y a 15 minutos del aeropuerto.<\/span><\/span><\/p>\n<p class=\"MsoNormal\" style=\"margin: 0cm 0cm 12pt;text-align: justify\"><span style=\"font-family: Calibri\"><span lang=\"ES-EC\">Esta obra la comenz\u00f3 el ex-presidente de la Rep\u00fablica del Ecuador Ing. Le\u00f3n Febres Cordero y la culmino el actual alcalde de la Muy Ilustre Municipal de Guayaquil Ab. Jaime Nebot Saadi, en la actualidad el Malec\u00f3n Sim\u00f3n Bol\u00edvar est\u00e1 a cargo de la Fundaci\u00f3n Malec\u00f3n 2000, una entidad de derecho privado y sin fines de lucro.<\/span><\/span><\/p>\n<p class=\"MsoNormal\" style=\"margin: 0cm 0cm 12pt;text-align: justify\"><span style=\"font-family: Calibri\"><span lang=\"ES-EC\"><strong>VIDEOS DE GUAYAQUIL<\/strong><\/span><\/span><\/p>\n<p><object width=\"445\" height=\"364\" data=\"http:\/\/www.youtube.com\/v\/2bp9bk50nyM&amp;hl=es&amp;fs=1&amp;rel=0&amp;color1=0x006699&amp;color2=0x54abd6&amp;border=1\" type=\"application\/x-shockwave-flash\"><param name=\"allowFullScreen\" value=\"true\" \/><param name=\"allowscriptaccess\" value=\"always\" \/><param name=\"src\" value=\"http:\/\/www.youtube.com\/v\/2bp9bk50nyM&amp;hl=es&amp;fs=1&amp;rel=0&amp;color1=0x006699&amp;color2=0x54abd6&amp;border=1\" \/><\/object><\/p>\n<p>\u00a0<br \/>\n<object width=\"425\" height=\"344\" data=\"http:\/\/www.youtube.com\/v\/rNdKcgsQZ6g&amp;hl=en&amp;fs=1&amp;\" type=\"application\/x-shockwave-flash\"><param name=\"allowFullScreen\" value=\"true\" \/><param name=\"allowscriptaccess\" value=\"always\" \/><param name=\"src\" value=\"http:\/\/www.youtube.com\/v\/rNdKcgsQZ6g&amp;hl=en&amp;fs=1&amp;\" \/><param name=\"allowfullscreen\" value=\"true\" \/><\/object><\/p>\n<p>\u00a0<span style=\"font-family: Calibri\"><span lang=\"ES-EC\"><em>Leopoldo \u00c1vila C.<\/em><\/span><\/span><\/p>\n","protected":false},"excerpt":{"rendered":"<p>Sin lugar a dudas uno de los mejores sitios que tiene Guayaquil para visitar, es el Malec\u00f3n 2000. Un espacio donde se puede imaginar un mundo de naturaleza, de tecnolog\u00eda y ambiente puro. Este sitio es lleno de historia, debido a que en este Malec\u00f3n fue donde se reunieron los Libertadores Sim\u00f3n Bol\u00edvar y San [&hellip;]<\/p>\n","protected":false},"author":2045,"featured_media":0,"comment_status":"open","ping_status":"open","sticky":false,"template":"","format":"standard","meta":{"_monsterinsights_skip_tracking":false,"_monsterinsights_sitenote_active":false,"_monsterinsights_sitenote_note":"","_monsterinsights_sitenote_category":0,"footnotes":""},"categories":[8009,1199],"tags":[638],"class_list":["post-411","post","type-post","status-publish","format-standard","hentry","category-atractivos-turisticos","category-cultura","tag-guayas"],"_links":{"self":[{"href":"https:\/\/blog.espol.edu.ec\/lictur\/wp-json\/wp\/v2\/posts\/411","targetHints":{"allow":["GET"]}}],"collection":[{"href":"https:\/\/blog.espol.edu.ec\/lictur\/wp-json\/wp\/v2\/posts"}],"about":[{"href":"https:\/\/blog.espol.edu.ec\/lictur\/wp-json\/wp\/v2\/types\/post"}],"author":[{"embeddable":true,"href":"https:\/\/blog.espol.edu.ec\/lictur\/wp-json\/wp\/v2\/users\/2045"}],"replies":[{"embeddable":true,"href":"https:\/\/blog.espol.edu.ec\/lictur\/wp-json\/wp\/v2\/comments?post=411"}],"version-history":[{"count":16,"href":"https:\/\/blog.espol.edu.ec\/lictur\/wp-json\/wp\/v2\/posts\/411\/revisions"}],"predecessor-version":[{"id":912,"href":"https:\/\/blog.espol.edu.ec\/lictur\/wp-json\/wp\/v2\/posts\/411\/revisions\/912"}],"wp:attachment":[{"href":"https:\/\/blog.espol.edu.ec\/lictur\/wp-json\/wp\/v2\/media?parent=411"}],"wp:term":[{"taxonomy":"category","embeddable":true,"href":"https:\/\/blog.espol.edu.ec\/lictur\/wp-json\/wp\/v2\/categories?post=411"},{"taxonomy":"post_tag","embeddable":true,"href":"https:\/\/blog.espol.edu.ec\/lictur\/wp-json\/wp\/v2\/tags?post=411"}],"curies":[{"name":"wp","href":"https:\/\/api.w.org\/{rel}","templated":true}]}}