{"id":468,"date":"2009-06-23T21:55:59","date_gmt":"2009-06-24T02:55:59","guid":{"rendered":"http:\/\/blog.espol.edu.ec\/lictur\/?p=468"},"modified":"2009-06-25T20:14:16","modified_gmt":"2009-06-26T01:14:16","slug":"jardin-botanico-la-carolina","status":"publish","type":"post","link":"https:\/\/blog.espol.edu.ec\/lictur\/2009\/06\/23\/jardin-botanico-la-carolina\/","title":{"rendered":"Jardin Bot\u00e1nico : La Carolina"},"content":{"rendered":"<p>\u00a0<\/p>\n<p class=\"MsoNormal\" style=\"margin: 0cm 0cm 0pt;text-align: justify\"><span style=\"font-size: small\"><span style=\"font-family: Times New Roman\"><strong><\/strong><\/span><\/span><\/p>\n<p class=\"MsoNormal\" style=\"margin: 0cm 0cm 0pt;text-align: justify\"><span style=\"font-size: small\"><span style=\"font-family: Times New Roman\"><span style=\"color: black;font-family: Calibri\" lang=\"ES-EC\"><img loading=\"lazy\" decoding=\"async\" class=\"alignleft size-medium wp-image-640\" src=\"http:\/\/blog.espol.edu.ec\/lictur\/files\/2009\/06\/orquideas-jardin-botanica-sto-domingo-300x200.jpg\" alt=\"orquideas-jardin-botanica-sto-domingo\" width=\"300\" height=\"200\" srcset=\"https:\/\/blog.espol.edu.ec\/lictur\/files\/2009\/06\/orquideas-jardin-botanica-sto-domingo-300x200.jpg 300w, https:\/\/blog.espol.edu.ec\/lictur\/files\/2009\/06\/orquideas-jardin-botanica-sto-domingo.jpg 600w\" sizes=\"auto, (max-width: 300px) 100vw, 300px\" \/>Ubicado en la Cooperativa Juan Eulogio Paz y Mi\u00f1o.<\/span><span style=\"color: black;font-family: Calibri\"><\/span><\/span><\/span><\/p>\n<p class=\"MsoNormal\" style=\"margin: 0cm 0cm 0pt;text-align: justify\"><span style=\"font-size: small\"><span style=\"font-family: Times New Roman\"><span style=\"color: black;font-family: Calibri\" lang=\"ES-EC\">El nombre de este lugar naci\u00f3 gracias al deseo de Monse\u00f1or Emilio Stehle de poder rendir homenaje a una voluntaria de Suiza, es de all\u00ed que nace el nombre de este maravilloso y encantador Jard\u00edn.<\/span><span style=\"color: black;font-family: Calibri\"><\/span><\/span><\/span><\/p>\n<p class=\"MsoNormal\" style=\"margin: 0cm 0cm 0pt;text-align: justify\"><span style=\"font-size: small\"><span style=\"font-family: Times New Roman\"><span style=\"color: black;font-family: Calibri\" lang=\"ES-EC\">\u00a0Es un lugar precioso compuesto de 7 hect\u00e1reas de hermosos senderos, es rico en flora puesto que posee \u00e1rboles nativos de la zona, \u00e1rboles frutales y flores tropicales.<\/span><span style=\"color: black;font-family: Calibri\"><\/span><\/span><\/span><\/p>\n<p class=\"MsoNormal\" style=\"margin: 0cm 0cm 0pt;text-align: justify\"><span style=\"font-size: small\"><span style=\"font-family: Times New Roman\"><span style=\"color: black;font-family: Calibri\" lang=\"ES-EC\">Posee un clima c\u00e1lido y posee dos estaciones: la seca (verano) y la lluviosa (invierno). <\/span><span style=\"color: #113399;font-family: Calibri\" lang=\"ES-EC\">\u00a0<\/span><span style=\"color: black;font-family: Calibri\"><\/span><\/span><\/span><\/p>\n<p class=\"MsoNormal\" style=\"margin: 0cm 0cm 0pt;text-align: justify\"><span style=\"font-size: small\"><span style=\"font-family: Times New Roman\"><span style=\"color: black;font-family: Calibri\" lang=\"ES-EC\">Fruto de diversas expediciones cient\u00edficas que se han realizado; este jard\u00edn posee unos de los orquidearios m\u00e1s ricos de la provincia. Es perfecto para pasar una tarde de relajaci\u00f3n total, trasladarse en el tiempo, conocer la historias y leyendas de este sitio y adem\u00e1s dar un paseo por lo\u00a0 que hace a\u00f1os fueron los sitios de comunicaci\u00f3n con los dioses de los fundadores de lo que hoy es la hermos\u00edsima provincia de Santo Domingo.<\/span><span style=\"color: black;font-family: Calibri\"><\/span><\/span><\/span><\/p>\n<p class=\"MsoNormal\" style=\"margin: 0cm 0cm 0pt;text-align: justify\"><span style=\"font-size: small\"><span style=\"font-family: Times New Roman\"><\/span><\/span><\/p>\n<p class=\"MsoNormal\" style=\"margin: 0cm 0cm 0pt;text-align: justify\"><span style=\"font-size: small\"><span style=\"font-family: Times New Roman\"><span style=\"color: black;font-family: Calibri\" lang=\"ES-EC\"><img loading=\"lazy\" decoding=\"async\" class=\"aligncenter size-medium wp-image-641\" src=\"http:\/\/blog.espol.edu.ec\/lictur\/files\/2009\/06\/jardin-botanico-sto-domingo-300x202.jpg\" alt=\"jardin-botanico-sto-domingo\" width=\"300\" height=\"202\" srcset=\"https:\/\/blog.espol.edu.ec\/lictur\/files\/2009\/06\/jardin-botanico-sto-domingo-300x202.jpg 300w, https:\/\/blog.espol.edu.ec\/lictur\/files\/2009\/06\/jardin-botanico-sto-domingo.jpg 600w\" sizes=\"auto, (max-width: 300px) 100vw, 300px\" \/><\/span><\/span><\/span><\/p>\n<p class=\"MsoNormal\" style=\"margin: 0cm 0cm 0pt;text-align: justify\"><span style=\"font-size: small\"><span style=\"font-family: Times New Roman\"><span style=\"color: black;font-family: Calibri\" lang=\"ES-EC\">Se puede disfrutar de varias actividades que en el se pueden realizar con la compa\u00f1\u00eda de los gu\u00edas que se encuentran muy bien capacitados,\u00a0<\/span><span style=\"color: black;font-family: Calibri\"><\/span><\/span><\/span><\/p>\n<p class=\"MsoNormal\" style=\"margin: 0cm 0cm 0pt;text-align: justify\"><span style=\"font-size: small\"><span style=\"font-family: Times New Roman\"><span style=\"color: black;font-family: Calibri\" lang=\"ES-EC\">\u00a0<\/span><span style=\"color: black;font-family: Calibri\"><\/span><\/span><\/span><\/p>\n<p class=\"MsoNormal\" style=\"margin: 0cm 0cm 0pt;text-align: justify\"><span style=\"font-size: small\"><span style=\"font-family: Times New Roman\"><span style=\"color: black;font-family: Calibri\" lang=\"ES-EC\">Se pueden realizar caminatas por el jard\u00edn para que de esta manera los turistas puedan conocer m\u00e1s acerca de las plantas que se encuentran dentro del parque, su historia, cuidado y diversas especies de animales. Estas actividades son realizadas para promover el conocimiento de la biodiversidad existente.<\/span><span style=\"color: black;font-family: Calibri\"><\/span><\/span><\/span><\/p>\n<p class=\"MsoNormal\" style=\"margin: 0cm 0cm 0pt;text-align: justify\"><span style=\"font-size: small\"><span style=\"font-family: Times New Roman\"><span style=\"color: black;font-family: Calibri\" lang=\"ES-EC\">\u00a0<\/span><span style=\"color: black;font-family: Calibri\"><\/span><\/span><\/span><\/p>\n<p class=\"MsoNormal\" style=\"margin: 0cm 0cm 0pt;text-align: justify\"><span style=\"font-size: small\"><span style=\"font-family: Times New Roman\"><span style=\"color: black;font-family: Calibri\" lang=\"ES-EC\">Contamos con varias aulas a las que se las denomina Aulas Ambientales porque est\u00e1n ubicadas en lugares estrat\u00e9gicos para que se puedan observar determinados paisajes que desean ser mostrados y explicados por los gu\u00edas del lugar.<\/span><span style=\"color: black;font-family: Calibri\"><\/span><\/span><\/span><\/p>\n<p class=\"MsoNormal\" style=\"margin: 0cm 0cm 0pt;text-align: justify\"><span style=\"font-size: small\"><span style=\"font-family: Times New Roman\"><span style=\"color: black;font-family: Calibri\" lang=\"ES-EC\">Adem\u00e1s de todo lo que es naturaleza y el contacto con ella, poseemos una cafeter\u00eda muy confortable para que despu\u00e9s del paseo dado por el parque disfruten de un delicioso caf\u00e9 acompa\u00f1ado de la paz y tranquilidad que ofrece la naturaleza.\u00a0 <\/span><span style=\"color: black;font-family: Calibri\"><\/span><\/span><\/span><\/p>\n<p class=\"MsoNormal\" style=\"margin: 0cm 0cm 0pt\"><em><strong><span style=\"color: black;font-family: Calibri\"><\/span><\/strong><\/em><\/p>\n<p class=\"MsoNormal\" style=\"margin: 0cm 0cm 0pt\"><em><strong><span style=\"color: black;font-family: Calibri\"><span style=\"font-size: small;font-family: Times New Roman\">Andrea Zambrano<\/span><\/span><\/strong><strong><span style=\"color: black;font-family: Calibri\"><\/span><\/strong><\/em><\/p>\n<p class=\"MsoNormalCxSpFirst\" style=\"margin: 0cm 0cm 0pt;text-align: justify\">\u00a0<\/p>\n","protected":false},"excerpt":{"rendered":"<p>\u00a0 Ubicado en la Cooperativa Juan Eulogio Paz y Mi\u00f1o. El nombre de este lugar naci\u00f3 gracias al deseo de Monse\u00f1or Emilio Stehle de poder rendir homenaje a una voluntaria de Suiza, es de all\u00ed que nace el nombre de este maravilloso y encantador Jard\u00edn. \u00a0Es un lugar precioso compuesto de 7 hect\u00e1reas de hermosos [&hellip;]<\/p>\n","protected":false},"author":2045,"featured_media":0,"comment_status":"open","ping_status":"open","sticky":false,"template":"","format":"standard","meta":{"_monsterinsights_skip_tracking":false,"_monsterinsights_sitenote_active":false,"_monsterinsights_sitenote_note":"","_monsterinsights_sitenote_category":0,"footnotes":""},"categories":[7092,8009],"tags":[7088],"class_list":["post-468","post","type-post","status-publish","format-standard","hentry","category-areas-naturales","category-atractivos-turisticos","tag-santo-domingo"],"_links":{"self":[{"href":"https:\/\/blog.espol.edu.ec\/lictur\/wp-json\/wp\/v2\/posts\/468","targetHints":{"allow":["GET"]}}],"collection":[{"href":"https:\/\/blog.espol.edu.ec\/lictur\/wp-json\/wp\/v2\/posts"}],"about":[{"href":"https:\/\/blog.espol.edu.ec\/lictur\/wp-json\/wp\/v2\/types\/post"}],"author":[{"embeddable":true,"href":"https:\/\/blog.espol.edu.ec\/lictur\/wp-json\/wp\/v2\/users\/2045"}],"replies":[{"embeddable":true,"href":"https:\/\/blog.espol.edu.ec\/lictur\/wp-json\/wp\/v2\/comments?post=468"}],"version-history":[{"count":6,"href":"https:\/\/blog.espol.edu.ec\/lictur\/wp-json\/wp\/v2\/posts\/468\/revisions"}],"predecessor-version":[{"id":644,"href":"https:\/\/blog.espol.edu.ec\/lictur\/wp-json\/wp\/v2\/posts\/468\/revisions\/644"}],"wp:attachment":[{"href":"https:\/\/blog.espol.edu.ec\/lictur\/wp-json\/wp\/v2\/media?parent=468"}],"wp:term":[{"taxonomy":"category","embeddable":true,"href":"https:\/\/blog.espol.edu.ec\/lictur\/wp-json\/wp\/v2\/categories?post=468"},{"taxonomy":"post_tag","embeddable":true,"href":"https:\/\/blog.espol.edu.ec\/lictur\/wp-json\/wp\/v2\/tags?post=468"}],"curies":[{"name":"wp","href":"https:\/\/api.w.org\/{rel}","templated":true}]}}