{"id":54,"date":"2009-06-05T14:00:24","date_gmt":"2009-06-05T18:00:24","guid":{"rendered":"http:\/\/blog.espol.edu.ec\/lictur\/2009\/06\/05\/orellana\/"},"modified":"2009-07-08T12:04:53","modified_gmt":"2009-07-08T17:04:53","slug":"orellana","status":"publish","type":"post","link":"https:\/\/blog.espol.edu.ec\/lictur\/2009\/06\/05\/orellana\/","title":{"rendered":"Orellana"},"content":{"rendered":"<p class=\"MsoNormal\" style=\"margin: 0cm 0cm 0pt;text-align: justify\"><strong><span style=\"font-size: 11pt;font-family: &quot;Calibri&quot;,&quot;sans-serif&amp;quot\" lang=\"ES-EC\"><img loading=\"lazy\" decoding=\"async\" class=\"alignright size-medium wp-image-795\" src=\"http:\/\/blog.espol.edu.ec\/lictur\/files\/2009\/06\/oriliana-300x199.jpg\" alt=\"oriliana\" width=\"300\" height=\"199\" srcset=\"https:\/\/blog.espol.edu.ec\/lictur\/files\/2009\/06\/oriliana-300x199.jpg 300w, https:\/\/blog.espol.edu.ec\/lictur\/files\/2009\/06\/oriliana-1024x680.jpg 1024w, https:\/\/blog.espol.edu.ec\/lictur\/files\/2009\/06\/oriliana.jpg 1445w\" sizes=\"auto, (max-width: 300px) 100vw, 300px\" \/><\/span><\/strong><span style=\"font-size: 11pt;font-family: &quot;Calibri&quot;,&quot;sans-serif&amp;quot\" lang=\"ES-EC\">Se encuentra ubicada en la parte norte de la regi\u00f3n Amaz\u00f3nica, su capital es<span style=\"font-size: 13px\"><span style=\"font-size: 11pt;font-family: &quot;Calibri&quot;,&quot;sans-serif&amp;quot\" lang=\"ES-EC\"> Puerto Francisco de Orellana, limita al\u00a0<span style=\"font-size: 13px\"><span style=\"font-size: 11pt;font-family: &quot;Calibri&quot;,&quot;sans-serif&amp;quot\" lang=\"ES-EC\">Norte con la Provincia de Sucumb\u00edos,\u00a0<span>al <\/span>Sur con la Provincia de Pastaza,\u00a0<span>al <\/span>Este con Per\u00fa, al\u00a0Oeste con la provincia de Napo.<\/span><\/span><\/span><\/span><\/span><\/p>\n<p class=\"MsoNormal\" style=\"margin: 0cm 0cm 0pt;text-align: justify\"><strong><span style=\"font-size: 11pt;font-family: &quot;Calibri&quot;,&quot;sans-serif&amp;quot\" lang=\"ES-EC\"><span style=\"font-weight: normal\">Ceunta con una superficie de<\/span><\/span><\/strong><span style=\"font-size: 11pt;font-family: &quot;Calibri&quot;,&quot;sans-serif&amp;quot\" lang=\"ES-EC\"> 21991 Km. <\/span><\/p>\n<p class=\"MsoNormal\" style=\"margin: 0cm 0cm 0pt;text-align: justify\"><span style=\"font-size: 11pt;font-family: &quot;Calibri&quot;,&quot;sans-serif&amp;quot\" lang=\"ES-EC\"><span style=\"font-size: 13px\"><span style=\"font-size: 11pt;font-family: &quot;Calibri&quot;,&quot;sans-serif&amp;quot\" lang=\"ES-EC\">Se encuentra entre las estribaciones del volc\u00e1n Sumaco de la cordillera<span> <\/span>Oriental hasta la llanura amaz\u00f3nica. Se considera que esta es la provincia m\u00e1s Amaz\u00f3nica, con una altitud de 280 m.s.n.m.\u00a0<span style=\"font-size: 13px\"><span style=\"font-size: 11pt;font-family: &quot;Calibri&quot;,&quot;sans-serif&amp;quot\" lang=\"ES-EC\">Posee clima tropical y lluvioso, con una temparatura prodedio de\u00a0<span style=\"font-size: 13px\"><span style=\"font-size: 11pt;font-family: &quot;Calibri&quot;,&quot;sans-serif&amp;quot\" lang=\"ES-EC\">25\u00ba C. <\/span><\/span><\/span><\/span><\/span><\/span><\/span><\/p>\n<p class=\"MsoNormal\" style=\"margin: 0cm 0cm 0pt;text-align: justify\"><span style=\"font-size: 11pt;font-family: &quot;Calibri&quot;,&quot;sans-serif&amp;quot\" lang=\"ES-EC\">Los principales r\u00edos son el Napo y el Coca.<\/span><\/p>\n<p class=\"MsoNormal\" style=\"margin: 0cm 0cm 0pt;text-align: justify\"><span style=\"font-size: 11pt;font-family: &quot;Calibri&quot;,&quot;sans-serif&amp;quot\" lang=\"ES-EC\">Su creaci\u00f3n como provincia fue el 13 de Julio de 1998.\u00a0La nacionalidad de sus habitantes es Huaorani, su idioma es el Tirio<\/span><\/p>\n<p class=\"MsoNormal\" style=\"margin: 0cm 0cm 0pt;text-align: justify\"><strong><span style=\"font-size: 11pt;font-family: &quot;Calibri&quot;,&quot;sans-serif&amp;quot\" lang=\"ES-EC\">Cantones<span> <\/span>Cabecera cantonal<\/span><\/strong><\/p>\n<p class=\"MsoNormal\" style=\"margin: 0cm 0cm 0pt;text-align: justify\"><span style=\"font-size: 11pt;font-family: &quot;Calibri&quot;,&quot;sans-serif&amp;quot\" lang=\"ES-EC\">1.- Francisco de Orellana<span> <\/span>Puerto Francisco Orellana<\/span><\/p>\n<p class=\"MsoNormal\" style=\"margin: 0cm 0cm 0pt;text-align: justify\"><span style=\"font-size: 11pt;font-family: &quot;Calibri&quot;,&quot;sans-serif&amp;quot\" lang=\"ES-EC\">2.-Aguarico<span> <\/span>Nuevo Rocafuerte<\/span><\/p>\n<p class=\"MsoNormal\" style=\"margin: 0cm 0cm 0pt;text-align: justify\"><span style=\"font-size: 11pt;font-family: &quot;Calibri&quot;,&quot;sans-serif&amp;quot\" lang=\"ES-EC\">3.- Joya de los Sachas<span> <\/span>La joya de los Sachas<\/span><\/p>\n<p class=\"MsoNormal\" style=\"margin: 0cm 0cm 0pt;text-align: justify\"><span style=\"font-size: 11pt;font-family: &quot;Calibri&quot;,&quot;sans-serif&amp;quot\" lang=\"ES-EC\">4.-Loreto<span> <span> <\/span>Loreto<\/span><\/span><\/p>\n<p class=\"MsoNormal\" style=\"margin: 0cm 0cm 0pt;text-align: justify\"><span style=\"font-size: 11pt;font-family: &quot;Calibri&quot;,&quot;sans-serif&amp;quot\" lang=\"ES-EC\"><span><br \/>\n<\/span><\/span><\/p>\n<p class=\"MsoNormal\" style=\"margin: 0cm 0cm 0pt;text-align: justify\"><strong><span style=\"font-size: 11pt;font-family: &quot;Calibri&quot;,&quot;sans-serif&amp;quot\" lang=\"ES-EC\"><span> <img loading=\"lazy\" decoding=\"async\" class=\"alignleft size-medium wp-image-796\" src=\"http:\/\/blog.espol.edu.ec\/lictur\/files\/2009\/06\/oriselva-300x199.jpg\" alt=\"oriselva\" width=\"300\" height=\"199\" srcset=\"https:\/\/blog.espol.edu.ec\/lictur\/files\/2009\/06\/oriselva-300x199.jpg 300w, https:\/\/blog.espol.edu.ec\/lictur\/files\/2009\/06\/oriselva-1024x681.jpg 1024w, https:\/\/blog.espol.edu.ec\/lictur\/files\/2009\/06\/oriselva.jpg 1439w\" sizes=\"auto, (max-width: 300px) 100vw, 300px\" \/><\/span><span style=\"font-weight: normal\">V\u00edas de comunicaci\u00f3n con que se cuenta son:<\/span><\/span><\/strong><\/p>\n<p class=\"MsoNormal\" style=\"margin: 0cm 0cm 0pt;text-align: justify\"><span style=\"font-size: 11pt;font-family: &quot;Calibri&quot;,&quot;sans-serif&amp;quot\" lang=\"ES-EC\">Carretera Quito-Pifo-Pallatanga-Baeza-Puyo.<\/span><\/p>\n<p class=\"MsoNormal\" style=\"margin: 0cm 0cm 0pt;text-align: justify\"><span style=\"font-size: 11pt;font-family: &quot;Calibri&quot;,&quot;sans-serif&amp;quot\" lang=\"ES-EC\">El aeropuerto Francisco de Orellana ubicado en la ciudad de su mismo nombre.<\/span><\/p>\n<p class=\"MsoNormal\" style=\"margin: 0cm 0cm 0pt;text-align: justify\"><span style=\"font-size: medium\"><span><br \/>\n<\/span><\/span><\/p>\n<p class=\"MsoNormal\" style=\"margin: 0cm 0cm 0pt;text-align: justify\"><span style=\"font-size: 11pt;font-family: &quot;Calibri&quot;,&quot;sans-serif&amp;quot\" lang=\"ES-EC\">Artesan\u00eda:<\/span><span style=\"font-size: 11pt;font-family: &quot;Calibri&quot;,&quot;sans-serif&amp;quot\" lang=\"ES-EC\"> Objetos de cer\u00e1mica, Alfarer\u00eda, elaboraci\u00f3n de tejidos, objetos para rituales.<\/span><\/p>\n<p class=\"MsoNormal\" style=\"margin: 0cm 0cm 0pt;text-align: justify\"><span style=\"font-size: 11pt;font-family: &quot;Calibri&quot;,&quot;sans-serif&amp;quot\" lang=\"ES-EC\">Entre las reservas naturales que guarda Orellana\u00a0tenemos al r\u00edo Napo que se lo puede recorrer en canoa. El balneario Huataracu. Las comunidades ind\u00edgenas. Lagunas de Taracoa donde se puede observar pira\u00f1as, Anango, Garzacocha.<\/span><\/p>\n<p class=\"MsoNormal\" style=\"margin: 0cm 0cm 0pt;text-align: justify\"><span style=\"font-size: 11pt;font-family: &quot;Calibri&quot;,&quot;sans-serif&amp;quot\" lang=\"ES-EC\">Su principal Reserva Ecol\u00f3gica es el<\/span><span style=\"font-size: 11pt;font-family: &quot;Calibri&quot;,&quot;sans-serif&amp;quot\" lang=\"ES-EC\"> Parque Nacional Sumaco-Napo-Galeras: Esta ubicado entre las provincias de Napo y Orellana, su superficie es de 205249 hect\u00e1reas.<\/span><\/p>\n<p class=\"MsoNormal\" style=\"margin: 0cm 0cm 0pt;text-align: justify\"><span style=\"font-size: 11pt;font-family: &quot;Calibri&quot;,&quot;sans-serif&amp;quot\" lang=\"ES-EC\">Parque Nacional<span> <\/span>Yasun\u00ed<\/span><span style=\"font-size: 11pt;font-family: &quot;Calibri&quot;,&quot;sans-serif&amp;quot\" lang=\"ES-EC\"> situado entre las provincias de Orellana y la de Pastaza, su superficie es de 962000 hect\u00e1reas. Este parque tiene una gran diversidad en flora (cana brava, uva de monte, rosa de monte, tagua, balsa, solitario) y fauna (mono aullador, jaguar, guanta, tijereta, armadillo, garza, perezoso. En 1989 la UNESCO lo declaro Reserva Mundial de la Biosfera.<\/span><\/p>\n<p class=\"MsoNormal\" style=\"margin: 0cm 0cm 0pt;text-align: justify\"><strong><span style=\"font-size: 11pt;font-family: &quot;Calibri&quot;,&quot;sans-serif&amp;quot\" lang=\"ES-EC\"><span style=\"font-weight: normal\">Reserva Faun\u00edstica Cuyabeno<\/span><\/span><\/strong><span style=\"font-size: 11pt;font-family: &quot;Calibri&quot;,&quot;sans-serif&amp;quot\" lang=\"ES-EC\"> localizada entre las provincias de Sucumb\u00edos y Orellana, su superficie es de 603380 hect\u00e1reas.<\/span><\/p>\n<p class=\"MsoNormal\" style=\"margin: 0cm 0cm 0pt;text-align: justify\">\n<p class=\"MsoNormal\" style=\"margin: 0cm 0cm 0pt;text-align: right\"><span style=\"font-size: 11pt;font-family: &quot;Calibri&quot;,&quot;sans-serif&amp;quot\" lang=\"ES-EC\"><strong><em>Aracelly Ibarra<\/em><\/strong><\/span><\/p>\n","protected":false},"excerpt":{"rendered":"<p>Se encuentra ubicada en la parte norte de la regi\u00f3n Amaz\u00f3nica, su capital es Puerto Francisco de Orellana, limita al\u00a0Norte con la Provincia de Sucumb\u00edos,\u00a0al Sur con la Provincia de Pastaza,\u00a0al Este con Per\u00fa, al\u00a0Oeste con la provincia de Napo. Ceunta con una superficie de 21991 Km. Se encuentra entre las estribaciones del volc\u00e1n Sumaco [&hellip;]<\/p>\n","protected":false},"author":2045,"featured_media":0,"comment_status":"open","ping_status":"open","sticky":false,"template":"","format":"standard","meta":{"_monsterinsights_skip_tracking":false,"_monsterinsights_sitenote_active":false,"_monsterinsights_sitenote_note":"","_monsterinsights_sitenote_category":0,"footnotes":""},"categories":[7091],"tags":[7083],"class_list":["post-54","post","type-post","status-publish","format-standard","hentry","category-provincias","tag-orellana"],"_links":{"self":[{"href":"https:\/\/blog.espol.edu.ec\/lictur\/wp-json\/wp\/v2\/posts\/54","targetHints":{"allow":["GET"]}}],"collection":[{"href":"https:\/\/blog.espol.edu.ec\/lictur\/wp-json\/wp\/v2\/posts"}],"about":[{"href":"https:\/\/blog.espol.edu.ec\/lictur\/wp-json\/wp\/v2\/types\/post"}],"author":[{"embeddable":true,"href":"https:\/\/blog.espol.edu.ec\/lictur\/wp-json\/wp\/v2\/users\/2045"}],"replies":[{"embeddable":true,"href":"https:\/\/blog.espol.edu.ec\/lictur\/wp-json\/wp\/v2\/comments?post=54"}],"version-history":[{"count":10,"href":"https:\/\/blog.espol.edu.ec\/lictur\/wp-json\/wp\/v2\/posts\/54\/revisions"}],"predecessor-version":[{"id":599,"href":"https:\/\/blog.espol.edu.ec\/lictur\/wp-json\/wp\/v2\/posts\/54\/revisions\/599"}],"wp:attachment":[{"href":"https:\/\/blog.espol.edu.ec\/lictur\/wp-json\/wp\/v2\/media?parent=54"}],"wp:term":[{"taxonomy":"category","embeddable":true,"href":"https:\/\/blog.espol.edu.ec\/lictur\/wp-json\/wp\/v2\/categories?post=54"},{"taxonomy":"post_tag","embeddable":true,"href":"https:\/\/blog.espol.edu.ec\/lictur\/wp-json\/wp\/v2\/tags?post=54"}],"curies":[{"name":"wp","href":"https:\/\/api.w.org\/{rel}","templated":true}]}}