{"id":865,"date":"2009-06-30T19:25:09","date_gmt":"2009-07-01T00:25:09","guid":{"rendered":"http:\/\/blog.espol.edu.ec\/lictur\/?p=865"},"modified":"2009-07-13T09:48:31","modified_gmt":"2009-07-13T14:48:31","slug":"fiestas-religiosas-cuencanas","status":"publish","type":"post","link":"https:\/\/blog.espol.edu.ec\/lictur\/2009\/06\/30\/fiestas-religiosas-cuencanas\/","title":{"rendered":"Fiestas Religiosas Cuencanas"},"content":{"rendered":"<div><\/div>\n<div><span lang=\"ES\"><\/span><\/div>\n<p><span lang=\"ES\"><span style=\"font-family: Calibri\"><\/p>\n<p class=\"MsoNormal\" style=\"text-align: justify\"><span style=\"font-size: small\"><span>Cuenca ciudad con mucha tradici\u00f3n religiosa, celebra cada a\u00f1o algunas festividades como es la Semana Santa, tambi\u00e9n conocida como la Semana Mayor y en\u00a0ella se realizan la visita a las 7 iglesias, viernes de rezo y representaci\u00f3n del V\u00eda Crucis y la celebraci\u00f3n de la Pasi\u00f3n de Cristo. El s\u00e1bado se celebra la Vigilia de Pascua de Resurrecci\u00f3n.<\/span><\/span><\/p>\n<p class=\"MsoNormal\" style=\"text-align: justify\"><span style=\"font-size: small\"><span>Numerosas familias cat\u00f3licas preparan en la Semana Mayor la \"<em>F<\/em><\/span><em><span style=\"font-size: 12pt\">anesca\",<\/span><\/em><span> famoso plato t\u00edpico hecha de 12 granos tiernos, cada uno representa un mes y son cocidos a base de pescado\u00a0salado,\u00a0especialmente el bacalao.<\/span><\/span><\/p>\n<p class=\"MsoNormal\" style=\"text-align: justify\"><span><span style=\"font-size: small\">En Mayo. en el popular barrio de El Vago se celebra la fiesta de la <em>Consagraci\u00f3n de la Cruz<\/em> que es la m\u00e1s tradicional y famosa de las cruces de Cuenca, constituye una serie de eventos atl\u00e9ticos que terminan la noche del 2 de mayo con el denominado <strong>\u201c<\/strong><em>Circuito Pedestre de las cruces de Cuenca<\/em><strong>\u201d<\/strong>.<\/span><\/span><\/p>\n<p class=\"MsoNormal\" style=\"text-align: justify\"><span style=\"font-size: small\"><span><em>La fiesta del Corpus Christi<span>\u00a0 <\/span>y el Septenario,<\/em><strong>\u00a0<\/strong>festividades realizadas en\u00a0el parque Calder\u00f3n\u00a0que incluyen juegos pirot\u00e9cnicos, \u201cquema\u201d de los castillos, lanzamientos de globos de papel; se instalan juegos populares de azar: rifas, ruletas, etc. Es muy tradicional en esta fiesta la gran variedad de \u201cDulces de Corpus\u201d.<\/span><\/span><\/p>\n<p class=\"MsoNormal\" style=\"text-align: justify\"><span style=\"font-size: small\"><span><em>El Gran Pase del Ni\u00f1o Viajero es la\u00a0<\/em>fiesta religiosa popular que se realiza el 24 de Diciembre de cada a\u00f1o, se\u00a0inicia en la Avenida de las Am\u00e9ricas, recorre la calle Bol\u00edvar para concluir en el Parque Calder\u00f3n donde miles de ni\u00f1os forman una gran comparsa vestidos con los episodios b\u00edblicos del nacimiento de Jes\u00fas, con\u00a0especial asombro son los \u201cmayorales\u201d, ni\u00f1os que con lujosos atuendos van sobre caballos adornados con dulces como bombones, pan de pascua\u00a0e incluso tambi\u00e9n con frutas, billetes, comida t\u00edpica, y para concluir el desfile se entonan variados\u00a0villancicos.<\/span><\/span><\/p>\n<p class=\"MsoNormal\" style=\"text-align: justify\">\u00a0<\/p>\n<p style=\"text-align: justify\">\n<div><\/div>\n<div><span lang=\"ES\"><\/span><\/div>\n<p><span lang=\"ES\"><span style=\"font-family: Calibri\"><\/p>\n<p class=\"MsoNormal\" style=\"margin: 0cm 0cm 0pt;text-align: justify\"><span style=\"font-size: small\"><span><em>Gabriela Alvarado<\/em><\/span><\/span><\/p>\n<p>\u00a0<\/p>\n<p><\/span><\/span><\/p>\n<p><\/span><\/span><\/p>\n","protected":false},"excerpt":{"rendered":"<p>Cuenca ciudad con mucha tradici\u00f3n religiosa, celebra cada a\u00f1o algunas festividades como es la Semana Santa, tambi\u00e9n conocida como la Semana Mayor y en\u00a0ella se realizan la visita a las 7 iglesias, viernes de rezo y representaci\u00f3n del V\u00eda Crucis y la celebraci\u00f3n de la Pasi\u00f3n de Cristo. El s\u00e1bado se celebra la Vigilia de [&hellip;]<\/p>\n","protected":false},"author":2045,"featured_media":0,"comment_status":"open","ping_status":"open","sticky":false,"template":"","format":"standard","meta":{"_monsterinsights_skip_tracking":false,"_monsterinsights_sitenote_active":false,"_monsterinsights_sitenote_note":"","_monsterinsights_sitenote_category":0,"footnotes":""},"categories":[8009,1199,4460,8776],"tags":[7073],"class_list":["post-865","post","type-post","status-publish","format-standard","hentry","category-atractivos-turisticos","category-cultura","category-gastronomia","category-musica-y-folklore","tag-azuay"],"_links":{"self":[{"href":"https:\/\/blog.espol.edu.ec\/lictur\/wp-json\/wp\/v2\/posts\/865","targetHints":{"allow":["GET"]}}],"collection":[{"href":"https:\/\/blog.espol.edu.ec\/lictur\/wp-json\/wp\/v2\/posts"}],"about":[{"href":"https:\/\/blog.espol.edu.ec\/lictur\/wp-json\/wp\/v2\/types\/post"}],"author":[{"embeddable":true,"href":"https:\/\/blog.espol.edu.ec\/lictur\/wp-json\/wp\/v2\/users\/2045"}],"replies":[{"embeddable":true,"href":"https:\/\/blog.espol.edu.ec\/lictur\/wp-json\/wp\/v2\/comments?post=865"}],"version-history":[{"count":4,"href":"https:\/\/blog.espol.edu.ec\/lictur\/wp-json\/wp\/v2\/posts\/865\/revisions"}],"predecessor-version":[{"id":867,"href":"https:\/\/blog.espol.edu.ec\/lictur\/wp-json\/wp\/v2\/posts\/865\/revisions\/867"}],"wp:attachment":[{"href":"https:\/\/blog.espol.edu.ec\/lictur\/wp-json\/wp\/v2\/media?parent=865"}],"wp:term":[{"taxonomy":"category","embeddable":true,"href":"https:\/\/blog.espol.edu.ec\/lictur\/wp-json\/wp\/v2\/categories?post=865"},{"taxonomy":"post_tag","embeddable":true,"href":"https:\/\/blog.espol.edu.ec\/lictur\/wp-json\/wp\/v2\/tags?post=865"}],"curies":[{"name":"wp","href":"https:\/\/api.w.org\/{rel}","templated":true}]}}