{"id":55,"date":"2008-11-18T17:44:03","date_gmt":"2008-11-18T22:44:03","guid":{"rendered":"http:\/\/blog.espol.edu.ec\/liderazgointegral\/?p=55"},"modified":"2008-11-18T17:47:49","modified_gmt":"2008-11-18T22:47:49","slug":"becas-para-el-congreso","status":"publish","type":"post","link":"https:\/\/blog.espol.edu.ec\/liderazgointegral\/2008\/11\/18\/becas-para-el-congreso\/","title":{"rendered":"Becas para el Congreso"},"content":{"rendered":"<p>Estimados amigos del X Congreso de Universitarios Cat\u00f3licos:<\/p>\n<p>Tenemos el agrado de informarles que se ha gestionado <strong>BECAS del 50% <\/strong>para estudiantes universitarios. Si desean aplicar a la media beca, por favor escriban al correo liderazgointegral@espol.edu.ec, indicando sus datos personales (nombre, n\u00fam. de matr\u00edcula, facultad, carrera, tel\u00e9fono, celular, e-mail). En el Asunto\/Subject indicar: \"Beca para Congreso de Liderazgo\".<\/p>\n<p>La lista de personas seleccionadas se dar\u00e1 a conocer a trav\u00e9s del correo electr\u00f3nico y en nuestro Blog de ESPOL.<\/p>\n<p>Aprovechen esta valiosa oportunidad de formarse como l\u00edderes integrales, capaces de generar un cambio positivo en todos los \u00e1mbitos de la vida.<\/p>\n","protected":false},"excerpt":{"rendered":"<p>Estimados amigos del X Congreso de Universitarios Cat\u00f3licos: Tenemos el agrado de informarles que se ha gestionado BECAS del 50% para estudiantes universitarios. Si desean aplicar a la media beca, por favor escriban al correo liderazgointegral@espol.edu.ec, indicando sus datos personales (nombre, n\u00fam. de matr\u00edcula, facultad, carrera, tel\u00e9fono, celular, e-mail). En el Asunto\/Subject indicar: \"Beca para [&hellip;]<\/p>\n","protected":false},"author":418,"featured_media":0,"comment_status":"open","ping_status":"open","sticky":false,"template":"","format":"standard","meta":{"footnotes":""},"categories":[25],"tags":[782,1400],"class_list":["post-55","post","type-post","status-publish","format-standard","hentry","category-anuncios","tag-becas","tag-congreso"],"_links":{"self":[{"href":"https:\/\/blog.espol.edu.ec\/liderazgointegral\/wp-json\/wp\/v2\/posts\/55","targetHints":{"allow":["GET"]}}],"collection":[{"href":"https:\/\/blog.espol.edu.ec\/liderazgointegral\/wp-json\/wp\/v2\/posts"}],"about":[{"href":"https:\/\/blog.espol.edu.ec\/liderazgointegral\/wp-json\/wp\/v2\/types\/post"}],"author":[{"embeddable":true,"href":"https:\/\/blog.espol.edu.ec\/liderazgointegral\/wp-json\/wp\/v2\/users\/418"}],"replies":[{"embeddable":true,"href":"https:\/\/blog.espol.edu.ec\/liderazgointegral\/wp-json\/wp\/v2\/comments?post=55"}],"version-history":[{"count":2,"href":"https:\/\/blog.espol.edu.ec\/liderazgointegral\/wp-json\/wp\/v2\/posts\/55\/revisions"}],"predecessor-version":[{"id":57,"href":"https:\/\/blog.espol.edu.ec\/liderazgointegral\/wp-json\/wp\/v2\/posts\/55\/revisions\/57"}],"wp:attachment":[{"href":"https:\/\/blog.espol.edu.ec\/liderazgointegral\/wp-json\/wp\/v2\/media?parent=55"}],"wp:term":[{"taxonomy":"category","embeddable":true,"href":"https:\/\/blog.espol.edu.ec\/liderazgointegral\/wp-json\/wp\/v2\/categories?post=55"},{"taxonomy":"post_tag","embeddable":true,"href":"https:\/\/blog.espol.edu.ec\/liderazgointegral\/wp-json\/wp\/v2\/tags?post=55"}],"curies":[{"name":"wp","href":"https:\/\/api.w.org\/{rel}","templated":true}]}}