{"id":60,"date":"2008-11-24T12:48:57","date_gmt":"2008-11-24T17:48:57","guid":{"rendered":"http:\/\/blog.espol.edu.ec\/liderazgointegral\/?p=60"},"modified":"2008-11-25T10:16:22","modified_gmt":"2008-11-25T15:16:22","slug":"nuevos-becados","status":"publish","type":"post","link":"https:\/\/blog.espol.edu.ec\/liderazgointegral\/2008\/11\/24\/nuevos-becados\/","title":{"rendered":"Nuevos becados"},"content":{"rendered":"<p>Estimados amigos del X Congreso de Universitarios Cat\u00f3licos:<\/p>\n<p>Les informamos que tenemos nuevos seleccionados para las becas del 50% al Congreso de Liderazgo Integral.<\/p>\n<ul>\n<li>Adriana Gastezzi Montero (FIEC)<\/li>\n<li>Alain\u00a0 Ramirez de la Cruz (FIEC)<\/li>\n<li>Alfonsina Pun\u00edn (ICQ)<\/li>\n<li>Ana Bel\u00e9n Villamar Troya (ICHE)<\/li>\n<li>Andrea Estefan\u00eda Peralta Ramos (ICHE)<\/li>\n<li>\u00c1ngel Xavier Astudillo Aguilar (FIEC)<\/li>\n<li>Diana\u00a0 Hoyos (FIMCP)<\/li>\n<li>Erik Milton Benavides Jaramillo (FICT)<\/li>\n<li>Erika Isabel Perugachi Benalc\u00e1zar (FIMCP)<\/li>\n<li>Freddy Antonio Maquil\u00f3n Falcon\u00ed (FIEC)<\/li>\n<li>Gloria Estefan\u00eda Montenegro Aquino (ICQ)<\/li>\n<li>Grace Vera (ICQ)<\/li>\n<li>Jaime Enrique Due\u00f1as Iglesias (FIEC)<\/li>\n<li>Jorge Andr\u00e9s Santill\u00e1n V\u00e1sconez (FIEC)<\/li>\n<li>Jorge Bol\u00edvar Su\u00e1rez Pinos (FIEC)<\/li>\n<li>Joseph\u00a0 Chang Rizzo (FIEC)<\/li>\n<li>Juan Francisco Ch\u00f3ez Beltr\u00e1n (FIMCP)<\/li>\n<li>Karina Baja\u00f1a (ICM)<\/li>\n<li>Kl\u00e9ber Solano B. (FIEC)<\/li>\n<li>Klelia Mar\u00eda Guerrero Garc\u00eda (ICHE)<\/li>\n<li>Libertad In\u00e9s Alarc\u00f3n Paredes (ICM)<\/li>\n<li>Luis Alberto Rivero Maldonado (ICHE)<\/li>\n<li>Luis Alejandro Zambrano Valarezo (FIEC)<\/li>\n<li>Mar\u00eda Fernanda Loor Mart\u00ednez (ICHE)<\/li>\n<li>Mar\u00eda Jos\u00e9 Bastidas Ronquillo (FIMCP)<\/li>\n<li>Mar\u00eda Sol\u00a0 Cifuentes Briones (ICQ)<\/li>\n<li>Melina Pont\u00f3n (FIEC)<\/li>\n<li>Melissa Moyano (ICQ)<\/li>\n<li>Nathaly Coloma Jim\u00e9nez (ICM)<\/li>\n<li>Priscila\u00a0 Simba\u00f1a Villacreses (FIEC)<\/li>\n<li>Ronal Espinoza (FIEC)<\/li>\n<li>Sandra Yagual (ICM)<\/li>\n<li>Viviana Toscano Quiroga (FIMCP)<\/li>\n<li>Xavier Arcos Mendoza (ICM)<\/li>\n<\/ul>\n<p>\u00a1Bienvenidos al X Congreso de Universitarios Cat\u00f3licos!<\/p>\n<p>Los mantendremos informados sobre qui\u00e9nes son los siguientes becados para el Congreso.<\/p>\n","protected":false},"excerpt":{"rendered":"<p>Estimados amigos del X Congreso de Universitarios Cat\u00f3licos: Les informamos que tenemos nuevos seleccionados para las becas del 50% al Congreso de Liderazgo Integral. Adriana Gastezzi Montero (FIEC) Alain\u00a0 Ramirez de la Cruz (FIEC) Alfonsina Pun\u00edn (ICQ) Ana Bel\u00e9n Villamar Troya (ICHE) Andrea Estefan\u00eda Peralta Ramos (ICHE) \u00c1ngel Xavier Astudillo Aguilar (FIEC) Diana\u00a0 Hoyos (FIMCP) [&hellip;]<\/p>\n","protected":false},"author":418,"featured_media":0,"comment_status":"open","ping_status":"open","sticky":false,"template":"","format":"standard","meta":{"footnotes":""},"categories":[25],"tags":[782,1400],"class_list":["post-60","post","type-post","status-publish","format-standard","hentry","category-anuncios","tag-becas","tag-congreso"],"_links":{"self":[{"href":"https:\/\/blog.espol.edu.ec\/liderazgointegral\/wp-json\/wp\/v2\/posts\/60","targetHints":{"allow":["GET"]}}],"collection":[{"href":"https:\/\/blog.espol.edu.ec\/liderazgointegral\/wp-json\/wp\/v2\/posts"}],"about":[{"href":"https:\/\/blog.espol.edu.ec\/liderazgointegral\/wp-json\/wp\/v2\/types\/post"}],"author":[{"embeddable":true,"href":"https:\/\/blog.espol.edu.ec\/liderazgointegral\/wp-json\/wp\/v2\/users\/418"}],"replies":[{"embeddable":true,"href":"https:\/\/blog.espol.edu.ec\/liderazgointegral\/wp-json\/wp\/v2\/comments?post=60"}],"version-history":[{"count":3,"href":"https:\/\/blog.espol.edu.ec\/liderazgointegral\/wp-json\/wp\/v2\/posts\/60\/revisions"}],"predecessor-version":[{"id":63,"href":"https:\/\/blog.espol.edu.ec\/liderazgointegral\/wp-json\/wp\/v2\/posts\/60\/revisions\/63"}],"wp:attachment":[{"href":"https:\/\/blog.espol.edu.ec\/liderazgointegral\/wp-json\/wp\/v2\/media?parent=60"}],"wp:term":[{"taxonomy":"category","embeddable":true,"href":"https:\/\/blog.espol.edu.ec\/liderazgointegral\/wp-json\/wp\/v2\/categories?post=60"},{"taxonomy":"post_tag","embeddable":true,"href":"https:\/\/blog.espol.edu.ec\/liderazgointegral\/wp-json\/wp\/v2\/tags?post=60"}],"curies":[{"name":"wp","href":"https:\/\/api.w.org\/{rel}","templated":true}]}}