{"id":56,"date":"2010-12-18T13:05:07","date_gmt":"2010-12-18T18:05:07","guid":{"rendered":"http:\/\/blog.espol.edu.ec\/lissyepez\/?p=56"},"modified":"2011-02-13T21:53:30","modified_gmt":"2011-02-14T02:53:30","slug":"profecia-ecuador","status":"publish","type":"post","link":"https:\/\/blog.espol.edu.ec\/lissyepez\/2010\/12\/18\/profecia-ecuador\/","title":{"rendered":"Profecia Ecuador..!!"},"content":{"rendered":"<p style=\"text-align: center\"><span style=\"color: #ffffff\">\u00a0Se form\u00f3 te\u00f3ricamente en el a\u00f1o de 1991, pero no fue hasta 1993 en que el grupo, luego de algunos cambios, comenz\u00f3 verdaderamente a funcionar con <em>Erick <\/em><em>Alava\u00a0 <\/em>(Voz y Guitarra), <em>Johnny Reyes<\/em> (Guitarra),\u00a0Israel Montesdeoca<em>\u00a0<\/em>(Bajo) y\u00a0<em>Roberto Portilla<\/em>\u00a0(Bater\u00eda), centr\u00e1ndose en un estilo Thrash-Death y con l\u00edricas sociales, futuristas y apocal\u00edpticas comienzan a atacar\u00a0. Para mediados de 1996 son invitados para que toquen junto a\u00a0 \"DISEMBURIED\" una de las bandas m\u00e1s representativas de la escena paname\u00f1a en aquel entonces, que estaba\u00a0 de paso por nuestro pa\u00eds.<\/span>\u00a0<\/p>\n<p style=\"text-align: center\"><span style=\"color: #000000\"><a href=\"http:\/\/blog.espol.edu.ec\/lissyepez\/files\/2010\/12\/38009_141291479238456_100000728141932_252337_2213684_n1.jpg\"><img loading=\"lazy\" decoding=\"async\" class=\"aligncenter size-thumbnail wp-image-58\" title=\"38009_141291479238456_100000728141932_252337_2213684_n\" src=\"http:\/\/blog.espol.edu.ec\/lissyepez\/files\/2010\/12\/38009_141291479238456_100000728141932_252337_2213684_n1-150x150.jpg\" alt=\"\" width=\"150\" height=\"150\" \/><\/a><\/span><\/p>\n<p><span style=\"color: #ffffff\">Producci\u00f3n independiente que consta de 9 temas (45 minutos de duraci\u00f3n), logr\u00e1ndose un tiraje de 500 copias que circularon ampliamente a nivel nacional, esta producci\u00f3n tambi\u00e9n fue lanzada en formato de CD con un tiraje de 100 copias, siendo \u00e9sta\u00a0 la banda pionera en lanzar un demo en formato de disco compacto en el Ecuador. Teniendo este material bajo el brazo reciben la invitaci\u00f3n de BRUTALIDAD TOTAL \u00a0Producciones y de INFORMAL MANAGEMENT, organizadores del concierto del 8 de Marzo de 1997, junto al grupo colombiano ANGEL NEGRO que ven\u00eda promocionando su CD\u00a0 \"GUILLEN. Las canciones mas sonadas son 7 VECES 7, SELLO DEL HORROR.!<\/span><\/p>\n<p style=\"text-align: center\"><span style=\"color: #000000\"><a href=\"http:\/\/blog.espol.edu.ec\/lissyepez\/files\/2010\/12\/38009_141291479238456_100000728141932_252337_2213684_n.jpg\"><\/a><\/span><\/p>\n<p><object classid=\"clsid:d27cdb6e-ae6d-11cf-96b8-444553540000\" width=\"480\" height=\"385\"><param name=\"allowFullScreen\" value=\"true\" \/><param name=\"allowscriptaccess\" value=\"always\" \/><param name=\"src\" value=\"http:\/\/www.youtube.com\/v\/tJwiAeZSM58?fs=1&amp;hl=es_ES\" \/><param name=\"allowfullscreen\" value=\"true\" \/><embed type=\"application\/x-shockwave-flash\" width=\"480\" height=\"385\" src=\"http:\/\/www.youtube.com\/v\/tJwiAeZSM58?fs=1&amp;hl=es_ES\" allowfullscreen=\"true\" allowscriptaccess=\"always\"><\/embed><\/object><\/p>\n<p><span style=\"color: #000000\"><a href=\"http:\/\/blog.espol.edu.ec\/lissyepez\/files\/2010\/12\/36283_174141825953421_100000728141932_421024_5932594_n.jpg\"><img loading=\"lazy\" decoding=\"async\" class=\"alignleft size-thumbnail wp-image-65\" title=\"36283_174141825953421_100000728141932_421024_5932594_n\" src=\"http:\/\/blog.espol.edu.ec\/lissyepez\/files\/2010\/12\/36283_174141825953421_100000728141932_421024_5932594_n-150x150.jpg\" alt=\"\" width=\"150\" height=\"150\" \/><\/a><span style=\"color: #ffffff\">De ah\u00ed Profec\u00eda vino dando importantes conciertos, haciendo una mini-gira que inclu\u00edan las ciudades de Cuenca, Riobamba, y Guayaquil, en donde se present\u00f3 airosamente y el p\u00fablico apoy\u00f3 incansablemente en todo momento, cerrando ese a\u00f1o de conciertos con el \"ATAHUALPA.<\/span><\/span><\/p>\n","protected":false},"excerpt":{"rendered":"<p>\u00a0Se form\u00f3 te\u00f3ricamente en el a\u00f1o de 1991, pero no fue hasta 1993 en que el grupo, luego de algunos cambios, comenz\u00f3 verdaderamente a funcionar con Erick Alava\u00a0 (Voz y Guitarra), Johnny Reyes (Guitarra),\u00a0Israel Montesdeoca\u00a0(Bajo) y\u00a0Roberto Portilla\u00a0(Bater\u00eda), centr\u00e1ndose en un estilo Thrash-Death y con l\u00edricas sociales, futuristas y apocal\u00edpticas comienzan a atacar\u00a0. Para mediados de [&hellip;]<\/p>\n","protected":false},"author":5495,"featured_media":0,"comment_status":"open","ping_status":"open","sticky":false,"template":"","format":"standard","meta":{"footnotes":""},"categories":[1],"tags":[],"class_list":["post-56","post","type-post","status-publish","format-standard","hentry","category-uncategorized"],"_links":{"self":[{"href":"https:\/\/blog.espol.edu.ec\/lissyepez\/wp-json\/wp\/v2\/posts\/56","targetHints":{"allow":["GET"]}}],"collection":[{"href":"https:\/\/blog.espol.edu.ec\/lissyepez\/wp-json\/wp\/v2\/posts"}],"about":[{"href":"https:\/\/blog.espol.edu.ec\/lissyepez\/wp-json\/wp\/v2\/types\/post"}],"author":[{"embeddable":true,"href":"https:\/\/blog.espol.edu.ec\/lissyepez\/wp-json\/wp\/v2\/users\/5495"}],"replies":[{"embeddable":true,"href":"https:\/\/blog.espol.edu.ec\/lissyepez\/wp-json\/wp\/v2\/comments?post=56"}],"version-history":[{"count":8,"href":"https:\/\/blog.espol.edu.ec\/lissyepez\/wp-json\/wp\/v2\/posts\/56\/revisions"}],"predecessor-version":[{"id":71,"href":"https:\/\/blog.espol.edu.ec\/lissyepez\/wp-json\/wp\/v2\/posts\/56\/revisions\/71"}],"wp:attachment":[{"href":"https:\/\/blog.espol.edu.ec\/lissyepez\/wp-json\/wp\/v2\/media?parent=56"}],"wp:term":[{"taxonomy":"category","embeddable":true,"href":"https:\/\/blog.espol.edu.ec\/lissyepez\/wp-json\/wp\/v2\/categories?post=56"},{"taxonomy":"post_tag","embeddable":true,"href":"https:\/\/blog.espol.edu.ec\/lissyepez\/wp-json\/wp\/v2\/tags?post=56"}],"curies":[{"name":"wp","href":"https:\/\/api.w.org\/{rel}","templated":true}]}}