{"id":112,"date":"2010-01-26T12:50:12","date_gmt":"2010-01-26T17:50:12","guid":{"rendered":"http:\/\/blog.espol.edu.ec\/loreliji\/?p=112"},"modified":"2010-01-26T13:20:21","modified_gmt":"2010-01-26T18:20:21","slug":"descarga-tu-calendario-ecologico","status":"publish","type":"post","link":"https:\/\/blog.espol.edu.ec\/loreliji\/2010\/01\/26\/descarga-tu-calendario-ecologico\/","title":{"rendered":"Descarga tu Calendario ecol\u00f3gico"},"content":{"rendered":"<p><a href=\"http:\/\/blog.espol.edu.ec\/loreliji\/files\/2010\/01\/calendar-2010.jpg\" target=\"_blank\"><img loading=\"lazy\" decoding=\"async\" class=\"alignleft size-medium wp-image-128\" src=\"http:\/\/blog.espol.edu.ec\/loreliji\/files\/2010\/01\/calendar-2010-212x300.jpg\" alt=\"calendar-2010\" width=\"212\" height=\"300\" srcset=\"https:\/\/blog.espol.edu.ec\/loreliji\/files\/2010\/01\/calendar-2010-212x300.jpg 212w, https:\/\/blog.espol.edu.ec\/loreliji\/files\/2010\/01\/calendar-2010-723x1024.jpg 723w, https:\/\/blog.espol.edu.ec\/loreliji\/files\/2010\/01\/calendar-2010.jpg 1240w\" sizes=\"auto, (max-width: 212px) 100vw, 212px\" \/><\/a> Con m\u00e1s de 11 meses para el a\u00f1o 2010, sin duda esperamos que este art\u00edculo no sea demasiado tarde. Descarga este calendario ecol\u00f3gico, impr\u00edmelo, \u00e1rmalo y reg\u00e1laselo a la persona que m\u00e1s quieras!<\/p>\n","protected":false},"excerpt":{"rendered":"<p>Con m\u00e1s de 11 meses para el a\u00f1o 2010, sin duda esperamos que este art\u00edculo no sea demasiado tarde. Descarga este calendario ecol\u00f3gico, impr\u00edmelo, \u00e1rmalo y reg\u00e1laselo a la persona que m\u00e1s quieras!<\/p>\n","protected":false},"author":3557,"featured_media":0,"comment_status":"open","ping_status":"open","sticky":false,"template":"","format":"standard","meta":{"_monsterinsights_skip_tracking":false,"_monsterinsights_sitenote_active":false,"_monsterinsights_sitenote_note":"","_monsterinsights_sitenote_category":0,"footnotes":""},"categories":[137],"tags":[814,4228,2208],"class_list":["post-112","post","type-post","status-publish","format-standard","hentry","category-descargas","tag-calendario","tag-descargar","tag-ecologico"],"_links":{"self":[{"href":"https:\/\/blog.espol.edu.ec\/loreliji\/wp-json\/wp\/v2\/posts\/112","targetHints":{"allow":["GET"]}}],"collection":[{"href":"https:\/\/blog.espol.edu.ec\/loreliji\/wp-json\/wp\/v2\/posts"}],"about":[{"href":"https:\/\/blog.espol.edu.ec\/loreliji\/wp-json\/wp\/v2\/types\/post"}],"author":[{"embeddable":true,"href":"https:\/\/blog.espol.edu.ec\/loreliji\/wp-json\/wp\/v2\/users\/3557"}],"replies":[{"embeddable":true,"href":"https:\/\/blog.espol.edu.ec\/loreliji\/wp-json\/wp\/v2\/comments?post=112"}],"version-history":[{"count":4,"href":"https:\/\/blog.espol.edu.ec\/loreliji\/wp-json\/wp\/v2\/posts\/112\/revisions"}],"predecessor-version":[{"id":130,"href":"https:\/\/blog.espol.edu.ec\/loreliji\/wp-json\/wp\/v2\/posts\/112\/revisions\/130"}],"wp:attachment":[{"href":"https:\/\/blog.espol.edu.ec\/loreliji\/wp-json\/wp\/v2\/media?parent=112"}],"wp:term":[{"taxonomy":"category","embeddable":true,"href":"https:\/\/blog.espol.edu.ec\/loreliji\/wp-json\/wp\/v2\/categories?post=112"},{"taxonomy":"post_tag","embeddable":true,"href":"https:\/\/blog.espol.edu.ec\/loreliji\/wp-json\/wp\/v2\/tags?post=112"}],"curies":[{"name":"wp","href":"https:\/\/api.w.org\/{rel}","templated":true}]}}