{"id":133,"date":"2010-01-27T00:06:46","date_gmt":"2010-01-27T05:06:46","guid":{"rendered":"http:\/\/blog.espol.edu.ec\/loreliji\/?p=133"},"modified":"2010-01-27T05:08:12","modified_gmt":"2010-01-27T10:08:12","slug":"sabias-que","status":"publish","type":"post","link":"https:\/\/blog.espol.edu.ec\/loreliji\/2010\/01\/27\/sabias-que\/","title":{"rendered":"Sab\u00edas que: Notas curiosas"},"content":{"rendered":"<p><strong><img loading=\"lazy\" decoding=\"async\" class=\"size-full wp-image-60 alignnone\" src=\"http:\/\/blog.espol.edu.ec\/loreliji\/files\/2009\/12\/sabias_que.jpg\" alt=\"sabias_que\" width=\"200\" height=\"125\" \/><\/strong><strong>a<\/strong><strong>.<\/strong><strong> Se ha demostrado que en muchas ocasiones el aire de los interiores (casas u oficinas) est\u00e1 contaminado.<\/strong><br \/>\nDentro del hogar existe un tipo de contaminaci\u00f3n llamado \u201cContaminaci\u00f3n de Interiores\u201d,causado por compuestos org\u00e1nicos vol\u00e1tiles, los cuales puedes llegar a alcanzar niveles peligrosos.<br \/>\nLa soluci\u00f3n a la contaminaci\u00f3n de interiores, para evitar respirar aire contaminado, es m\u00e1s f\u00e1cil de lo que parece. Estudios han demostrado que a partir de niveles \"peligrosos\" de varios compuestos org\u00e1nicos vol\u00e1tiles, algunas plantas reducen la contaminaci\u00f3n a niveles no detectables en 24 horas.<br \/>\nVer la nota completa en: http:\/\/www.holistika.net\/salud\/articulos\/como_reducir_la_contaminacion_en_interiores..asp<\/p>\n<p><strong>b.\tEl 2009 ha sido el segundo a\u00f1o m\u00e1s c\u00e1lido desde 1880.<\/strong><br \/>\nEl a\u00f1o pasado fue s\u00f3lo una peque\u00f1a fracci\u00f3n de grado m\u00e1s fr\u00edo que 2005, el a\u00f1o m\u00e1s caluroso hasta la fecha en los registros, poniendo a 2009 en un virtual empate con otros a\u00f1os --1998, 2002, 2003, 2006 y 2007-- como segundo a\u00f1o m\u00e1s caluroso en los registros.<br \/>\nEl periodo enero de 2000 a diciembre de 2009 fue la d\u00e9cada m\u00e1s c\u00e1lida nunca registrada. Mirando hasta 1880, cuando la instrumentaci\u00f3n cient\u00edfica moderna comenz\u00f3 a utilizarse, una clara tendencia al calentamiento est\u00e1 presente, aunque se produjo una cierta nivelaci\u00f3n entre los d\u00e9cadas de 1940 y 1970.<br \/>\nVer la nota completa en:<br \/>\nhttp:\/\/www.lostiempos.com\/diario\/actualidad\/vida-y-futuro\/20100126\/el-2009-el-segundo-mas-calido-desde-1880_55113_98088.html<\/p>\n<p><strong>c.\tHabr\u00e1 menos huracanes pero m\u00e1s intensos<\/strong><br \/>\nEn el futuro habr\u00e1 menos huracanes en el Atl\u00e1ntico pero ser\u00e1n m\u00e1s intensos y destructivos, pronostican investigadores en Estados Unidos.<br \/>\nBasados en modelos de clima recientes, los investigadores de la Administraci\u00f3n Nacional Oce\u00e1nica y Atmosf\u00e9rica (NOAA), analizaron el impacto que podr\u00eda tener el calentamiento global en los huracanes del Atl\u00e1ntico.<br \/>\nDescubrieron que aunque los modelos muestran que la frecuencia de los ciclones tropicales en la zona podr\u00edan disminuir, se proyecta un aumento de casi el doble en las tormentas de categor\u00eda 4 y 5 (los m\u00e1s devastadores) para fines del siglo 21.<br \/>\nY se cree que estas tormentas destructivas se concentrar\u00e1n en el Atl\u00e1ntico occidental, la zona que incluye al mar Caribe, Golfo de M\u00e9xico y la Florida.<\/p>\n<p><strong>d.\t\u00c1frica funciona como aspiradora de CO2<\/strong><br \/>\nLa FAO, el organismo de Naciones Unidas para la Agricultura y la Alimentaci\u00f3n, ha realizado un informe sobre el ciclo del di\u00f3xido de carbono en \u00c1frica. \"Las pruebas nos indican por ahora que \u00c1frica es un \u2019sumidero\u2019 de carbono, lo que significa que captura m\u00e1s carbono de la atm\u00f3sfera del que emite\", dijo en una nota de la FAO el coordinador del proyecto CarboAfrica, Riccardo Valentini.<br \/>\nVer la nota completa en:<br \/>\nhttp:\/\/elblogverde.com\/frica-funciona-como-aspiradora-de-co2\/<\/p>\n","protected":false},"excerpt":{"rendered":"<p>a. Se ha demostrado que en muchas ocasiones el aire de los interiores (casas u oficinas) est\u00e1 contaminado. Dentro del hogar existe un tipo de contaminaci\u00f3n llamado \u201cContaminaci\u00f3n de Interiores\u201d,causado por compuestos org\u00e1nicos vol\u00e1tiles, los cuales puedes llegar a alcanzar niveles peligrosos. La soluci\u00f3n a la contaminaci\u00f3n de interiores, para evitar respirar aire contaminado, es [&hellip;]<\/p>\n","protected":false},"author":3557,"featured_media":0,"comment_status":"open","ping_status":"open","sticky":false,"template":"","format":"standard","meta":{"_monsterinsights_skip_tracking":false,"_monsterinsights_sitenote_active":false,"_monsterinsights_sitenote_note":"","_monsterinsights_sitenote_category":0,"footnotes":""},"categories":[295],"tags":[8825,87375,4028],"class_list":["post-133","post","type-post","status-publish","format-standard","hentry","category-sabias-que","tag-notas-curiosas","tag-sabias-que","tag-tips"],"_links":{"self":[{"href":"https:\/\/blog.espol.edu.ec\/loreliji\/wp-json\/wp\/v2\/posts\/133","targetHints":{"allow":["GET"]}}],"collection":[{"href":"https:\/\/blog.espol.edu.ec\/loreliji\/wp-json\/wp\/v2\/posts"}],"about":[{"href":"https:\/\/blog.espol.edu.ec\/loreliji\/wp-json\/wp\/v2\/types\/post"}],"author":[{"embeddable":true,"href":"https:\/\/blog.espol.edu.ec\/loreliji\/wp-json\/wp\/v2\/users\/3557"}],"replies":[{"embeddable":true,"href":"https:\/\/blog.espol.edu.ec\/loreliji\/wp-json\/wp\/v2\/comments?post=133"}],"version-history":[{"count":5,"href":"https:\/\/blog.espol.edu.ec\/loreliji\/wp-json\/wp\/v2\/posts\/133\/revisions"}],"predecessor-version":[{"id":135,"href":"https:\/\/blog.espol.edu.ec\/loreliji\/wp-json\/wp\/v2\/posts\/133\/revisions\/135"}],"wp:attachment":[{"href":"https:\/\/blog.espol.edu.ec\/loreliji\/wp-json\/wp\/v2\/media?parent=133"}],"wp:term":[{"taxonomy":"category","embeddable":true,"href":"https:\/\/blog.espol.edu.ec\/loreliji\/wp-json\/wp\/v2\/categories?post=133"},{"taxonomy":"post_tag","embeddable":true,"href":"https:\/\/blog.espol.edu.ec\/loreliji\/wp-json\/wp\/v2\/tags?post=133"}],"curies":[{"name":"wp","href":"https:\/\/api.w.org\/{rel}","templated":true}]}}