{"id":168,"date":"2010-02-04T00:04:02","date_gmt":"2010-02-04T05:04:02","guid":{"rendered":"http:\/\/blog.espol.edu.ec\/loreliji\/?p=168"},"modified":"2010-02-05T17:04:50","modified_gmt":"2010-02-05T22:04:50","slug":"final-de-curso","status":"publish","type":"post","link":"https:\/\/blog.espol.edu.ec\/loreliji\/2010\/02\/04\/final-de-curso\/","title":{"rendered":"Final de Curso"},"content":{"rendered":"<p><a href=\"http:\/\/blog.espol.edu.ec\/loreliji\/files\/2010\/02\/el_profesor.jpg\"><img loading=\"lazy\" decoding=\"async\" class=\"alignleft size-medium wp-image-169\" src=\"http:\/\/blog.espol.edu.ec\/loreliji\/files\/2010\/02\/el_profesor-300x222.jpg\" alt=\"El profesor diciendo su comentario\" width=\"300\" height=\"222\" srcset=\"https:\/\/blog.espol.edu.ec\/loreliji\/files\/2010\/02\/el_profesor-300x222.jpg 300w, https:\/\/blog.espol.edu.ec\/loreliji\/files\/2010\/02\/el_profesor-1024x760.jpg 1024w, https:\/\/blog.espol.edu.ec\/loreliji\/files\/2010\/02\/el_profesor.jpg 1200w\" sizes=\"auto, (max-width: 300px) 100vw, 300px\" \/><\/a>Estas fotos son el recuerdo del curso donde aprendimos que todos podemos hacer la diferencia en el cuidado del medio ambiente. Con la gu\u00eda de nuestro profesor, Fernando Mor\u00e1n, aprendimos\u00a0 tambi\u00e9n la realidad por la que atraviesa nuestro planeta. Nos hizo entender que todos debemos estar comprometidos\u00a0 y que es nuestra responsabilidad participar y luchar en la preservaci\u00f3n de la naturaleza.<\/p>\n<p><a href=\"http:\/\/blog.espol.edu.ec\/loreliji\/files\/2010\/02\/foto_grupo1.jpg\"><img loading=\"lazy\" decoding=\"async\" class=\"alignleft size-medium wp-image-174\" src=\"http:\/\/blog.espol.edu.ec\/loreliji\/files\/2010\/02\/foto_grupo1-300x225.jpg\" alt=\"Foto de grupo_1\" width=\"300\" height=\"225\" srcset=\"https:\/\/blog.espol.edu.ec\/loreliji\/files\/2010\/02\/foto_grupo1-300x225.jpg 300w, https:\/\/blog.espol.edu.ec\/loreliji\/files\/2010\/02\/foto_grupo1-1024x768.jpg 1024w, https:\/\/blog.espol.edu.ec\/loreliji\/files\/2010\/02\/foto_grupo1.jpg 1600w\" sizes=\"auto, (max-width: 300px) 100vw, 300px\" \/><\/a>Gracias a este curso naci\u00f3 este blog, lo que al principio era un proyecto para obtener una calificaci\u00f3n para aprobar una materia universitaria, se convirti\u00f3 en un compromiso para lograr un cambio de actitud en las personas a favor de la ecolog\u00eda.<\/p>\n<p><a href=\"http:\/\/blog.espol.edu.ec\/loreliji\/files\/2010\/02\/foto_grupo2.jpg\"><img loading=\"lazy\" decoding=\"async\" class=\"alignleft size-medium wp-image-177\" src=\"http:\/\/blog.espol.edu.ec\/loreliji\/files\/2010\/02\/foto_grupo2-300x225.jpg\" alt=\"Foto de Grupo_2\" width=\"300\" height=\"225\" srcset=\"https:\/\/blog.espol.edu.ec\/loreliji\/files\/2010\/02\/foto_grupo2-300x225.jpg 300w, https:\/\/blog.espol.edu.ec\/loreliji\/files\/2010\/02\/foto_grupo2-1024x768.jpg 1024w, https:\/\/blog.espol.edu.ec\/loreliji\/files\/2010\/02\/foto_grupo2.jpg 1600w\" sizes=\"auto, (max-width: 300px) 100vw, 300px\" \/><\/a>Pero ese cambio no podr\u00eda darse sin que primero cambi\u00e1ramos nosotros, es por eso que desarrollamos este blog pues creemos que es una buena manera de crear conciencia ecol\u00f3gica en las personas. Esta es nuestra semilla. Esperamos que de muchos frutos.<\/p>\n<p><!--more--><br \/>\n<a rel=\"attachment wp-att-202\" href=\"http:\/\/blog.espol.edu.ec\/loreliji\/2010\/02\/04\/final-de-curso\/foto_grupo31\/\"><img loading=\"lazy\" decoding=\"async\" class=\"alignleft size-medium wp-image-202\" src=\"http:\/\/blog.espol.edu.ec\/loreliji\/files\/2010\/02\/foto_grupo31-300x225.jpg\" alt=\"Foto Grupo 3\" width=\"300\" height=\"225\" srcset=\"https:\/\/blog.espol.edu.ec\/loreliji\/files\/2010\/02\/foto_grupo31-300x225.jpg 300w, https:\/\/blog.espol.edu.ec\/loreliji\/files\/2010\/02\/foto_grupo31-1024x768.jpg 1024w, https:\/\/blog.espol.edu.ec\/loreliji\/files\/2010\/02\/foto_grupo31.jpg 1600w\" sizes=\"auto, (max-width: 300px) 100vw, 300px\" \/><\/a><\/p>\n<p><a href=\"http:\/\/blog.espol.edu.ec\/loreliji\/files\/2010\/02\/exponiendo.jpg\"><img loading=\"lazy\" decoding=\"async\" class=\"alignleft size-medium wp-image-186\" src=\"http:\/\/blog.espol.edu.ec\/loreliji\/files\/2010\/02\/exponiendo-300x225.jpg\" alt=\"Exposici\u00f3n de Proyecto Ecol\u00f3gico\" width=\"300\" height=\"225\" srcset=\"https:\/\/blog.espol.edu.ec\/loreliji\/files\/2010\/02\/exponiendo-300x225.jpg 300w, https:\/\/blog.espol.edu.ec\/loreliji\/files\/2010\/02\/exponiendo-1024x768.jpg 1024w, https:\/\/blog.espol.edu.ec\/loreliji\/files\/2010\/02\/exponiendo.jpg 1600w\" sizes=\"auto, (max-width: 300px) 100vw, 300px\" \/><\/a><\/p>\n<p><a href=\"http:\/\/blog.espol.edu.ec\/loreliji\/files\/2010\/02\/prestando_atencion.jpg\"><img loading=\"lazy\" decoding=\"async\" class=\"alignleft size-medium wp-image-187\" src=\"http:\/\/blog.espol.edu.ec\/loreliji\/files\/2010\/02\/prestando_atencion-300x225.jpg\" alt=\"Prestando atenci\u00f3n a la exposici\u00f3n\" width=\"300\" height=\"225\" srcset=\"https:\/\/blog.espol.edu.ec\/loreliji\/files\/2010\/02\/prestando_atencion-300x225.jpg 300w, https:\/\/blog.espol.edu.ec\/loreliji\/files\/2010\/02\/prestando_atencion-1024x768.jpg 1024w, https:\/\/blog.espol.edu.ec\/loreliji\/files\/2010\/02\/prestando_atencion.jpg 1600w\" sizes=\"auto, (max-width: 300px) 100vw, 300px\" \/><\/a><\/p>\n","protected":false},"excerpt":{"rendered":"<p>Estas fotos son el recuerdo del curso donde aprendimos que todos podemos hacer la diferencia en el cuidado del medio ambiente. Con la gu\u00eda de nuestro profesor, Fernando Mor\u00e1n, aprendimos\u00a0 tambi\u00e9n la realidad por la que atraviesa nuestro planeta. Nos hizo entender que todos debemos estar comprometidos\u00a0 y que es nuestra responsabilidad participar y luchar [&hellip;]<\/p>\n","protected":false},"author":3557,"featured_media":0,"comment_status":"open","ping_status":"open","sticky":false,"template":"","format":"standard","meta":{"_monsterinsights_skip_tracking":false,"_monsterinsights_sitenote_active":false,"_monsterinsights_sitenote_note":"","_monsterinsights_sitenote_category":0,"footnotes":""},"categories":[17],"tags":[40,2803,6,15809],"class_list":["post-168","post","type-post","status-publish","format-standard","hentry","category-general","tag-anadir-etiqueta-nueva","tag-ecologia","tag-espol","tag-fin-curso"],"_links":{"self":[{"href":"https:\/\/blog.espol.edu.ec\/loreliji\/wp-json\/wp\/v2\/posts\/168","targetHints":{"allow":["GET"]}}],"collection":[{"href":"https:\/\/blog.espol.edu.ec\/loreliji\/wp-json\/wp\/v2\/posts"}],"about":[{"href":"https:\/\/blog.espol.edu.ec\/loreliji\/wp-json\/wp\/v2\/types\/post"}],"author":[{"embeddable":true,"href":"https:\/\/blog.espol.edu.ec\/loreliji\/wp-json\/wp\/v2\/users\/3557"}],"replies":[{"embeddable":true,"href":"https:\/\/blog.espol.edu.ec\/loreliji\/wp-json\/wp\/v2\/comments?post=168"}],"version-history":[{"count":26,"href":"https:\/\/blog.espol.edu.ec\/loreliji\/wp-json\/wp\/v2\/posts\/168\/revisions"}],"predecessor-version":[{"id":172,"href":"https:\/\/blog.espol.edu.ec\/loreliji\/wp-json\/wp\/v2\/posts\/168\/revisions\/172"}],"wp:attachment":[{"href":"https:\/\/blog.espol.edu.ec\/loreliji\/wp-json\/wp\/v2\/media?parent=168"}],"wp:term":[{"taxonomy":"category","embeddable":true,"href":"https:\/\/blog.espol.edu.ec\/loreliji\/wp-json\/wp\/v2\/categories?post=168"},{"taxonomy":"post_tag","embeddable":true,"href":"https:\/\/blog.espol.edu.ec\/loreliji\/wp-json\/wp\/v2\/tags?post=168"}],"curies":[{"name":"wp","href":"https:\/\/api.w.org\/{rel}","templated":true}]}}