{"id":7,"date":"2010-11-30T04:25:00","date_gmt":"2010-11-30T04:25:00","guid":{"rendered":"http:\/\/blog.espol.edu.ec\/lucho\/?p=7"},"modified":"2010-11-30T04:39:59","modified_gmt":"2010-11-30T04:39:59","slug":"historia","status":"publish","type":"post","link":"https:\/\/blog.espol.edu.ec\/lucho\/2010\/11\/30\/historia\/","title":{"rendered":"HiStORiA"},"content":{"rendered":"<p><img loading=\"lazy\" decoding=\"async\" class=\"alignright\" src=\"http:\/\/3.bp.blogspot.com\/_et-d-m8_0pk\/Sw6WKx0DTBI\/AAAAAAAAABM\/tG74uFLiGqY\/s1600\/gaget.gif\" alt=\"\" width=\"300\" height=\"300\" \/><\/p>\n<p>El t\u00e9rmino \u201ctecnolog\u00eda de informaci\u00f3n\u201d vino alrededor de los a\u00f1os 90. Su concepto b\u00e1sico, sin embargo, puede ser remontado atr\u00e1s, incluso fomenta. A trav\u00e9s del vig\u00e9simo siglo, una alianza entre las industrias militares y varias, ha existido en el desarrollo de la electr\u00f3nica, de computadoras, y de la teor\u00eda de informaci\u00f3n. Los militares han conducido hist\u00f3ricamente tal investigaci\u00f3n proporcionando la motivaci\u00f3n y financi\u00e1ndola para la innovaci\u00f3n en el campo de la mecanizaci\u00f3n y de la computadora.<\/p>\n<p>La primera computadora comercial era el UNIVAC I. Fue dise\u00f1ada por John Presper Eckert y John William Mauchly para la oficina de censo de los EE.UU. En los a\u00f1os 70s se vio la subida de microordenadores, seguida de cerca por el ordenador personal de IBM en 1981. Desde entonces, cuatro generaciones de computadoras se han desarrollado.<\/p>\n","protected":false},"excerpt":{"rendered":"<p>El t\u00e9rmino \u201ctecnolog\u00eda de informaci\u00f3n\u201d vino alrededor de los a\u00f1os 90. Su concepto b\u00e1sico, sin embargo, puede ser remontado atr\u00e1s, incluso fomenta. A trav\u00e9s del vig\u00e9simo siglo, una alianza entre las industrias militares y varias, ha existido en el desarrollo de la electr\u00f3nica, de computadoras, y de la teor\u00eda de informaci\u00f3n. Los militares han conducido [&hellip;]<\/p>\n","protected":false},"author":5576,"featured_media":0,"comment_status":"open","ping_status":"open","sticky":false,"template":"","format":"standard","meta":{"footnotes":""},"categories":[27417],"tags":[],"class_list":["post-7","post","type-post","status-publish","format-standard","hentry","category-empresas-con-mayor-tecnologia"],"_links":{"self":[{"href":"https:\/\/blog.espol.edu.ec\/lucho\/wp-json\/wp\/v2\/posts\/7","targetHints":{"allow":["GET"]}}],"collection":[{"href":"https:\/\/blog.espol.edu.ec\/lucho\/wp-json\/wp\/v2\/posts"}],"about":[{"href":"https:\/\/blog.espol.edu.ec\/lucho\/wp-json\/wp\/v2\/types\/post"}],"author":[{"embeddable":true,"href":"https:\/\/blog.espol.edu.ec\/lucho\/wp-json\/wp\/v2\/users\/5576"}],"replies":[{"embeddable":true,"href":"https:\/\/blog.espol.edu.ec\/lucho\/wp-json\/wp\/v2\/comments?post=7"}],"version-history":[{"count":5,"href":"https:\/\/blog.espol.edu.ec\/lucho\/wp-json\/wp\/v2\/posts\/7\/revisions"}],"predecessor-version":[{"id":15,"href":"https:\/\/blog.espol.edu.ec\/lucho\/wp-json\/wp\/v2\/posts\/7\/revisions\/15"}],"wp:attachment":[{"href":"https:\/\/blog.espol.edu.ec\/lucho\/wp-json\/wp\/v2\/media?parent=7"}],"wp:term":[{"taxonomy":"category","embeddable":true,"href":"https:\/\/blog.espol.edu.ec\/lucho\/wp-json\/wp\/v2\/categories?post=7"},{"taxonomy":"post_tag","embeddable":true,"href":"https:\/\/blog.espol.edu.ec\/lucho\/wp-json\/wp\/v2\/tags?post=7"}],"curies":[{"name":"wp","href":"https:\/\/api.w.org\/{rel}","templated":true}]}}