{"id":110,"date":"2010-07-13T00:28:06","date_gmt":"2010-07-13T00:28:06","guid":{"rendered":"http:\/\/blog.espol.edu.ec\/luisleal\/?p=110"},"modified":"2010-07-13T00:37:15","modified_gmt":"2010-07-13T00:37:15","slug":"cristian-menendez-%e2%80%9cme-dio-ganas-de-entrar-a-la-cancha%e2%80%9d","status":"publish","type":"post","link":"https:\/\/blog.espol.edu.ec\/luisleal\/2010\/07\/13\/cristian-menendez-%e2%80%9cme-dio-ganas-de-entrar-a-la-cancha%e2%80%9d\/","title":{"rendered":"Cristian Menendez \u201cMe dio ganas de entrar a la cancha\u201d"},"content":{"rendered":"<p><a href=\"http:\/\/blog.espol.edu.ec\/luisleal\/files\/2010\/07\/llegada_torres_menendez1278964056.jpg\"><img loading=\"lazy\" decoding=\"async\" src=\"http:\/\/blog.espol.edu.ec\/luisleal\/files\/2010\/07\/llegada_torres_menendez1278964056-150x150.jpg\" alt=\"\" title=\"llegada_torres_menendez1278964056\" width=\"150\" height=\"150\" class=\"alignleft size-thumbnail wp-image-112\" \/><\/a>\u201cVi muy bien a Emelec\u201d<br \/>\nLos nuevos refuerzos argentinos de Emelec, Cristian Men\u00e9ndez y Leandro Torres, cumplieron esta ma\u00f1ana su primer entrenamiento con el plantel, aunque solo realizando un trabajo f\u00edsico junto a los jugadores que no participaron del triunfo 2-0 contra Universidad Cat\u00f3lica.<\/p>\n<p>Men\u00e9ndez celebr\u00f3 el triunfo de sus nuevos compa\u00f1eros en el estadio Capwell. \u201cLos vi muy bien, con una tranquilidad de equipo grande que sabe manejar el partido y las transiciones, cuando atacar y cuando tener la pelota, la verdad lo vi muy bien al equipo\u201d.<\/p>\n<p>\u201cMe dio ganas de entrar a la cancha, pero hay que tener paciencia y tranquilidad. Seguro ma\u00f1ana llega el transfer y se soluciona el tema de la habilitaci\u00f3n. Estoy con muchas ganas de jugar y estoy bien f\u00edsicamente, as\u00ed que esperemos poder debutar\u201d, agreg\u00f3 el delantero de 22 a\u00f1os nacido en Mar del Plata.<\/p>\n<p>\u201cLos vi muy bien, es un equipo muy complementado que tiene en claro lo que el profe Sampaoli tiene en su mente\u201d, opin\u00f3 por su parte Torres, de 21 a\u00f1os y surgido de las divisiones menores de Newell\u2019s Old Boys, aunque la temporada pasada jug\u00f3 a pr\u00e9stamo en el Godoy Cruz.<\/p>\n<p>Se\u00f1al\u00f3 que \u201cya estuvimos trabajando en la parte f\u00edsica, esperando ma\u00f1ana entrenar con nuestros compa\u00f1eros, lo importante es conocer al equipo, como se entrenan y se desarrollan dentro de la cancha\u201d.<\/p>\n","protected":false},"excerpt":{"rendered":"<p>\u201cVi muy bien a Emelec\u201d Los nuevos refuerzos argentinos de Emelec, Cristian Men\u00e9ndez y Leandro Torres, cumplieron esta ma\u00f1ana su primer entrenamiento con el plantel, aunque solo realizando un trabajo f\u00edsico junto a los jugadores que no participaron del triunfo 2-0 contra Universidad Cat\u00f3lica. Men\u00e9ndez celebr\u00f3 el triunfo de sus nuevos compa\u00f1eros en el estadio [&hellip;]<\/p>\n","protected":false},"author":4458,"featured_media":0,"comment_status":"open","ping_status":"open","sticky":false,"template":"","format":"standard","meta":{"footnotes":""},"categories":[1],"tags":[],"class_list":["post-110","post","type-post","status-publish","format-standard","hentry","category-uncategorized"],"_links":{"self":[{"href":"https:\/\/blog.espol.edu.ec\/luisleal\/wp-json\/wp\/v2\/posts\/110","targetHints":{"allow":["GET"]}}],"collection":[{"href":"https:\/\/blog.espol.edu.ec\/luisleal\/wp-json\/wp\/v2\/posts"}],"about":[{"href":"https:\/\/blog.espol.edu.ec\/luisleal\/wp-json\/wp\/v2\/types\/post"}],"author":[{"embeddable":true,"href":"https:\/\/blog.espol.edu.ec\/luisleal\/wp-json\/wp\/v2\/users\/4458"}],"replies":[{"embeddable":true,"href":"https:\/\/blog.espol.edu.ec\/luisleal\/wp-json\/wp\/v2\/comments?post=110"}],"version-history":[{"count":2,"href":"https:\/\/blog.espol.edu.ec\/luisleal\/wp-json\/wp\/v2\/posts\/110\/revisions"}],"predecessor-version":[{"id":113,"href":"https:\/\/blog.espol.edu.ec\/luisleal\/wp-json\/wp\/v2\/posts\/110\/revisions\/113"}],"wp:attachment":[{"href":"https:\/\/blog.espol.edu.ec\/luisleal\/wp-json\/wp\/v2\/media?parent=110"}],"wp:term":[{"taxonomy":"category","embeddable":true,"href":"https:\/\/blog.espol.edu.ec\/luisleal\/wp-json\/wp\/v2\/categories?post=110"},{"taxonomy":"post_tag","embeddable":true,"href":"https:\/\/blog.espol.edu.ec\/luisleal\/wp-json\/wp\/v2\/tags?post=110"}],"curies":[{"name":"wp","href":"https:\/\/api.w.org\/{rel}","templated":true}]}}