{"id":14,"date":"2010-06-08T03:33:29","date_gmt":"2010-06-08T03:33:29","guid":{"rendered":"http:\/\/blog.espol.edu.ec\/luisleal\/?p=14"},"modified":"2010-06-08T03:34:40","modified_gmt":"2010-06-08T03:34:40","slug":"14","status":"publish","type":"post","link":"https:\/\/blog.espol.edu.ec\/luisleal\/2010\/06\/08\/14\/","title":{"rendered":"Emelec afiladito al Cl\u00e1sico"},"content":{"rendered":"<h1><strong>Jaime Ayov\u00ed volvi\u00f3 a anotar de a dos y los \u201cazules\u201d van con todo ante Barcelona.<\/strong><\/h1>\n<p>Fue el mejor partido del a\u00f1o del equipo \u201cmillonario\u201d. Y le respira en la nuca a Barcelona, tienen 34 puntos.<\/p>\n<p>Les sali\u00f3 todo a los \u201cazules\u201d.<img loading=\"lazy\" decoding=\"async\" class=\"alignleft\" title=\"celebracion emelexista\" src=\"http:\/\/www.extra.ec\/media\/ediciones\/\/20100607\/deportes\/06062010_091240.jpg\" alt=\"\" width=\"400\" height=\"300\" \/><\/p>\n<p>Y hasta los goles llegaron por montones.<\/p>\n<p>Emelec 4 - D. Cuenca 0 con un inspirado Jaime Ayov\u00ed que hizo dos y logr\u00f3 un penal que convirti\u00f3 Quiroz y Rojas que se acord\u00f3 de anotar.<\/p>\n<p>Los \u201cazules\u201d est\u00e1n \u201cafiladitos y papelitos\u201d para el Cl\u00e1sico del Astillero, donde pueden alcanzar al puntero.<\/p>\n<p>Desde los primeros minutos los \u201cel\u00e9ctricos\u201d hab\u00edan anunciado por dos veces que estaban con ganas de gol, pero la realidad de cuando la pelota besa las mallas se dio al minuto 11.<\/p>\n<p>Un centro de Biglieri para que Morante cabecea, la pelota queda en el \u00e1rea del arquero, un pescador como Jaime Ayov\u00ed que anda prendido aprovecha ese regalo del cielo y convierte el gol.<\/p>\n<p>La emoci\u00f3n era a lo grande, los fan\u00e1ticos festejaban, y no era para menos, en ese instante Emelec estaba siendo el puntero del torneo.<\/p>\n<p>Aquella anotaci\u00f3n daba a las claras que el equipo que mandaba en la cancha era un Emelec que estos \u00faltimos partidos se decidi\u00f3 a sumar puntos de local y visitante.<\/p>\n<p>Pero aquella anotaci\u00f3n fue motivo de buscar m\u00e1s el arco.<\/p>\n<p>Biglieri se cans\u00f3 de centrar la pelota, mientras que Rojas tuvo una oportunidad muy clara, pero el arquero cuencano la sac\u00f3.<\/p>\n<p>Jaime Ayov\u00ed quer\u00eda m\u00e1s goles, al minuto 28 una jugada primero de Pedro Qui\u00f1\u00f3nez para Marcos Caicedo que se llev\u00f3 a varios jugadores le da un pase preciso para que de nuevo el goleador Ayov\u00ed dispare desde fuera y convierta un lindo gol, era el 2-0 y el Capwell explotaba.<\/p>\n<p>El partido era de ellos, mientras que los cuencanos solo ten\u00edan al \u201cPichu\u201d Escalada que peleaba con toda la zaga \u201cazul\u201d, pero sus jugadas eran intrascendentes.<\/p>\n<p><strong>Ayov\u00ed y el show<\/strong><br \/>\nEmelec sal\u00eda para el segundo per\u00edodo con ganas de seguir d\u00e1ndole fiesta a su fanaticada que a estos minutos escuchaba por radio como iba el marcador de Barcelona frente al D. Quito.<\/p>\n<p>Pero mientras eso pasaba Jaime Ayov\u00ed volv\u00eda a asustar a la zaga \u201cmorlaca\u201d y bien pudo aumentar el marcador.<\/p>\n<p>Pero \u00e9l estaba en su noche, una falta penal le hace el arquero Dree y el \u00e1rbitro decreta penal. Se jugaba el minuto 58 y David Quiroz desde los 11 pasos pon\u00eda el 3-0 y era goleada.<\/p>\n<p>Los dem\u00e1s minutos fueron llenos de c\u00e1nticos de una hinchada que celebraba a lo grande como su equipo estaba entre los mejores del torneo.<\/p>\n<p>Emelec estaba para m\u00e1s, a los 65 minutos una nueva jugada de Marcos Caicedo para que Joao Rojas convierta el 4-0.<\/p>\n<p>Con este resultado el equipo queda muy motivado para el Cl\u00e1sico del Astillero del pr\u00f3ximo s\u00e1bado.<\/p>\n<p>Y la hinchada tuvo que estar tranquila al ver como Jorge Sampaoli se sal\u00eda con la que \u00e9l quer\u00eda... que Emelec tenga buen f\u00fatbol y ayer fue una realidad.<\/p>\n<p><strong>Alineaciones:<\/strong><br \/>\n<strong>4 Emelec: <\/strong>Marcelo Elizaga; Marcelo Fleitas, Eduardo Morantes, Gabriel Achilier; Fernando Jim\u00e9nez, Pedro Qui\u00f1\u00f3nez (Jos\u00e9 Luis Qui\u00f1\u00f3nez), David Quiroz, Marco Caicedo, Joao Rojas; Santiago Biglieri, Jaime Ayov\u00ed (Hern\u00e1n Peirone).<\/p>\n<p><strong>DT:<\/strong> Juan Sampaoli.<\/p>\n<p><strong>0 D. Cuenca: <\/strong>Esteban Dreer; William Espa\u00f1a, Diego Ianiero; Marcos Qui\u00f1ones, Marcelo Boh\u00f3rquez; Jean Carlos Ramos, Michael Endara, Juan Gobea (Christian Cordero), Juan Guerr\u00f3n (Jos\u00e9 Valdivieso); \u00c1ngel Mena (John Garc\u00eda), Luis Miguel Escalada.<\/p>\n<p><strong>DT:<\/strong> Pa\u00fal V\u00e9lez.<\/p>\n<p><strong>\u00c1rbitro central:<\/strong> Sandro Vera.<\/p>\n","protected":false},"excerpt":{"rendered":"<p>emelec calienta la punteria previo al clasico, dep cuenca fue el pato del fin de semana<\/p>\n","protected":false},"author":4458,"featured_media":0,"comment_status":"open","ping_status":"open","sticky":false,"template":"","format":"standard","meta":{"footnotes":""},"categories":[1],"tags":[],"class_list":["post-14","post","type-post","status-publish","format-standard","hentry","category-uncategorized"],"_links":{"self":[{"href":"https:\/\/blog.espol.edu.ec\/luisleal\/wp-json\/wp\/v2\/posts\/14","targetHints":{"allow":["GET"]}}],"collection":[{"href":"https:\/\/blog.espol.edu.ec\/luisleal\/wp-json\/wp\/v2\/posts"}],"about":[{"href":"https:\/\/blog.espol.edu.ec\/luisleal\/wp-json\/wp\/v2\/types\/post"}],"author":[{"embeddable":true,"href":"https:\/\/blog.espol.edu.ec\/luisleal\/wp-json\/wp\/v2\/users\/4458"}],"replies":[{"embeddable":true,"href":"https:\/\/blog.espol.edu.ec\/luisleal\/wp-json\/wp\/v2\/comments?post=14"}],"version-history":[{"count":3,"href":"https:\/\/blog.espol.edu.ec\/luisleal\/wp-json\/wp\/v2\/posts\/14\/revisions"}],"predecessor-version":[{"id":17,"href":"https:\/\/blog.espol.edu.ec\/luisleal\/wp-json\/wp\/v2\/posts\/14\/revisions\/17"}],"wp:attachment":[{"href":"https:\/\/blog.espol.edu.ec\/luisleal\/wp-json\/wp\/v2\/media?parent=14"}],"wp:term":[{"taxonomy":"category","embeddable":true,"href":"https:\/\/blog.espol.edu.ec\/luisleal\/wp-json\/wp\/v2\/categories?post=14"},{"taxonomy":"post_tag","embeddable":true,"href":"https:\/\/blog.espol.edu.ec\/luisleal\/wp-json\/wp\/v2\/tags?post=14"}],"curies":[{"name":"wp","href":"https:\/\/api.w.org\/{rel}","templated":true}]}}