{"id":5,"date":"2010-06-07T17:56:06","date_gmt":"2010-06-07T17:56:06","guid":{"rendered":"http:\/\/blog.espol.edu.ec\/luisleal\/?p=5"},"modified":"2010-06-07T18:05:20","modified_gmt":"2010-06-07T18:05:20","slug":"quinonez-piensa-en-clasico-del-astillero","status":"publish","type":"post","link":"https:\/\/blog.espol.edu.ec\/luisleal\/2010\/06\/07\/quinonez-piensa-en-clasico-del-astillero\/","title":{"rendered":"Qui\u00f1onez piensa en Clasico del Astillero"},"content":{"rendered":"<p><a href=\"http:\/\/blog.espol.edu.ec\/luisleal\/files\/2010\/06\/emelec-6762.jpg\"><img loading=\"lazy\" decoding=\"async\" class=\"size-thumbnail wp-image-9 alignleft\" title=\"emelec-6762\" src=\"http:\/\/blog.espol.edu.ec\/luisleal\/files\/2010\/06\/emelec-6762-150x150.jpg\" alt=\"\" width=\"150\" height=\"150\" \/><\/a>Espera un \u201cCl\u00e1sico\u201d de campanillas.<br \/>\nEl volante de Emelec, Pedro Qui\u00f1\u00f3nez, espera un \u201cCl\u00e1sico del Astillero\u201d de campanillas ante Barcelona gracias a que los dos elencos llegan al encuentro como ganadores y disputando la punta del torneo.<\/p>\n<p>\u201cLos dos venimos bien\u201d expres\u00f3 el jugador en CRE Satelital adelantando que el juego del pr\u00f3ximo s\u00e1bado ser\u00e1 muy duro ya que a m\u00e1s de la rivalidad entre ambos equipos tambi\u00e9n se pelea palmo a palmo el primer lugar.<\/p>\n<p>Respecto a su cambio, Qui\u00f1\u00f3nez manifest\u00f3 en el programa Los Deportes en el Ecuador y el Mundo que sinti\u00f3 una molestia y se prefiri\u00f3 no arriesgar para poder actuar sin problemas en el siguiente juego.<\/p>\n<p>Sobre el buen rendimiento mostrado ante el Cuenca, asever\u00f3 que el equipo \u201cdemostr\u00f3 que tuvo talento, seriedad y consigui\u00f3 el resultado\u201d, frente a un rival que \u201cvino a jugar, a querernos sorprender\u201d.<\/p>\n","protected":false},"excerpt":{"rendered":"<p>Espera un \u201cCl\u00e1sico\u201d de campanillas. El volante de Emelec, Pedro Qui\u00f1\u00f3nez, espera un \u201cCl\u00e1sico del Astillero\u201d de campanillas ante Barcelona gracias a que los dos elencos llegan al encuentro como ganadores y disputando la punta del torneo. \u201cLos dos venimos bien\u201d expres\u00f3 el jugador en CRE Satelital adelantando que el juego del pr\u00f3ximo s\u00e1bado ser\u00e1 [&hellip;]<\/p>\n","protected":false},"author":4458,"featured_media":0,"comment_status":"open","ping_status":"open","sticky":false,"template":"","format":"standard","meta":{"footnotes":""},"categories":[1],"tags":[18571,3147,60,18572],"class_list":["post-5","post","type-post","status-publish","format-standard","hentry","category-uncategorized","tag-astillero","tag-clasico","tag-emelec","tag-quinonez"],"_links":{"self":[{"href":"https:\/\/blog.espol.edu.ec\/luisleal\/wp-json\/wp\/v2\/posts\/5","targetHints":{"allow":["GET"]}}],"collection":[{"href":"https:\/\/blog.espol.edu.ec\/luisleal\/wp-json\/wp\/v2\/posts"}],"about":[{"href":"https:\/\/blog.espol.edu.ec\/luisleal\/wp-json\/wp\/v2\/types\/post"}],"author":[{"embeddable":true,"href":"https:\/\/blog.espol.edu.ec\/luisleal\/wp-json\/wp\/v2\/users\/4458"}],"replies":[{"embeddable":true,"href":"https:\/\/blog.espol.edu.ec\/luisleal\/wp-json\/wp\/v2\/comments?post=5"}],"version-history":[{"count":4,"href":"https:\/\/blog.espol.edu.ec\/luisleal\/wp-json\/wp\/v2\/posts\/5\/revisions"}],"predecessor-version":[{"id":8,"href":"https:\/\/blog.espol.edu.ec\/luisleal\/wp-json\/wp\/v2\/posts\/5\/revisions\/8"}],"wp:attachment":[{"href":"https:\/\/blog.espol.edu.ec\/luisleal\/wp-json\/wp\/v2\/media?parent=5"}],"wp:term":[{"taxonomy":"category","embeddable":true,"href":"https:\/\/blog.espol.edu.ec\/luisleal\/wp-json\/wp\/v2\/categories?post=5"},{"taxonomy":"post_tag","embeddable":true,"href":"https:\/\/blog.espol.edu.ec\/luisleal\/wp-json\/wp\/v2\/tags?post=5"}],"curies":[{"name":"wp","href":"https:\/\/api.w.org\/{rel}","templated":true}]}}