{"id":55,"date":"2010-07-02T04:48:50","date_gmt":"2010-07-02T04:48:50","guid":{"rendered":"http:\/\/blog.espol.edu.ec\/luisleal\/?p=55"},"modified":"2010-07-02T04:50:21","modified_gmt":"2010-07-02T04:50:21","slug":"se-definio-calendario-para-segunda-etapa-del-torneo","status":"publish","type":"post","link":"https:\/\/blog.espol.edu.ec\/luisleal\/2010\/07\/02\/se-definio-calendario-para-segunda-etapa-del-torneo\/","title":{"rendered":"Se defini\u00f3 calendario para segunda etapa del torneo"},"content":{"rendered":"<p>La Federaci\u00f3n Ecuatoriana de F\u00fatbol (FEF) defini\u00f3 el calendario para la segunda etapa del Campeonato Ecuatoriano de F\u00fatbol que iniciar\u00e1 el pr\u00f3ximo 11 de julio.<\/p>\n<p>Una vez que qued\u00f3 definido el calendario de la segunda etapa por parte del Comit\u00e9 Ejecutivo de la FEF, se dio a conocer como qued\u00f3 conformado el mismo.<\/p>\n<p>La segunda etapa del torneo iniciar\u00e1 el 11 de julio y culminar\u00e1 el 28 de noviembre contemplando tres mi\u00e9rcoles, gracias a lo cual el torneo culminar\u00e1 una fecha antes de lo previsto en primera instancia.<\/p>\n<p>De esta manera las finales del campeonato se jugar\u00e1n el 5 y 12 de diciembre, en lugar del\u00a012 y 19, como apuntaban el calendario en primera instancia.<\/p>\n<p>Las primeras\u00a012 fechas, que despues se revierten empezando desde el \u00faltimo que se enfrento son:<\/p>\n<p>Serie A<\/p>\n<p><strong>Primera fecha: 11 de julio<\/strong><\/p>\n<p>Olmedo vs. Espoli<br \/>\n<strong>Emelec <\/strong>vs. U. Cat\u00f3lica<br \/>\nLiga de Quito vs. Manta<br \/>\nIndependiente vs. Barcelona<br \/>\nDep. Quito vs. Dep. Cuenca<br \/>\nMacar\u00e1 vs. El Nacional<\/p>\n<p><strong>Segunda: 18 de julio<br \/>\n<\/strong><br \/>\nDep. Cuenca vs. Independiente<br \/>\nBarcelona vs. Macar\u00e1<br \/>\nManta vs. Olmedo<br \/>\nU, Cat\u00f3lica vs. Dep. Quito<br \/>\nEspoli vs.<strong> Emelec<br \/>\n<\/strong>El Nacional vs. Liga de Quito<\/p>\n<p><strong>Tercera: 25 de julio<\/strong><\/p>\n<p>Olmedo vs. El Nacional<br \/>\n<strong>Emelec<\/strong> vs. Manta<br \/>\nU, Cat\u00f3lica vs. Espoli<br \/>\nLiga de Quito vs. Barcelona<br \/>\nDep. Quito vs.l Independiente<br \/>\nMacar\u00e1 vs. Dep. Cuenca<\/p>\n<p><strong>Cuarta: 1 de agosto<\/strong><\/p>\n<p>Dep. Cuenca vs. Liga de Quito<br \/>\nBarcelona vs. Olmedo<br \/>\nManta vs. U. Cat\u00f3lica<br \/>\nEl Nacional vs.\u00a0<strong>Emelec <\/strong><br \/>\nIndependiente vs. Macar\u00e1<br \/>\nEspoli vs. Dep. Quito<\/p>\n<p><strong>Quinta: 8 de agosto<\/strong><\/p>\n<p>Olmedo vs. Dep. Cuenca<br \/>\n<strong>Emelec <\/strong>vs. Barcelona<br \/>\nU. Cat\u00f3lica vs. El Nacional<br \/>\nEspoli vs. Manta<br \/>\nLiga de Quito vs. Independiente<br \/>\nDep. Quito vs. Macar\u00e1<\/p>\n<p><strong>Sexta: 15 de agosto<\/strong><\/p>\n<p>Dep. Cuenca vs.\u00a0<strong>Emelec <\/strong><br \/>\nBarcelona vs. U. Cat\u00f3lica<br \/>\nManta vs. Dep. Quito<br \/>\nEl Nacional vs. Espoli<br \/>\nIndependiente vs. Olmedo<br \/>\nMacar\u00e1 vs. Liga de Quito<\/p>\n<p><strong>S\u00e9ptima: 18 de agosto<br \/>\n<\/strong><br \/>\nOlmedo vs. Macar\u00e1<br \/>\n<strong>Emelec <\/strong>vs. Independiente<br \/>\nManra vs. El Nacional<br \/>\nU. Cat\u00f3lica vs. Dep. Cuenca<br \/>\nEspoli vs. Barcelona<br \/>\nDep, Quito vs. Liga de Quito<\/p>\n<p><strong>Octava: 22 de agosto<\/strong><\/p>\n<p>Dep. Cuenca vs. Espoli<br \/>\nBarcelona vs. Manta<br \/>\nLiga de Quito vs. Olmedo<br \/>\nEl Nacional vs. Dep. Quito<br \/>\nIndependiente vs. U. Cat\u00f3lica<br \/>\nMacar\u00e1 vs.\u00a0<strong>Emelec<br \/>\n<\/strong><br \/>\n<strong>Novena: 29 de agosto<br \/>\n<\/strong><br \/>\n<strong>Emelec<\/strong> vs. Liga de Quito<br \/>\nManta vs. Dep. Cuenca<br \/>\nU. Cat\u00f3lica vs. Macar\u00e1<br \/>\nEspoli vs. Independiente<br \/>\nEl Nacional vs. Barcelona<br \/>\nDep. Quito vs. Olmedo<\/p>\n<p><strong>D\u00e9cima: 12 de septiembre<br \/>\n<\/strong><br \/>\nDep. Cuenca vs. El Nacional<br \/>\nOlmedo vs.\u00a0<strong>Emelec<br \/>\n<\/strong>Barcelona vs. Dep. Quito<br \/>\nLiga de Quito vs. U. Cat\u00f3lica<br \/>\nIndependiente vs. Manta<br \/>\nMacar\u00e1 vs. Espoli<\/p>\n<p><strong>Und\u00e9cima: 19 de septiembre<\/strong><\/p>\n<p>Barcelona vs. Dep. Cuenca<br \/>\nManta vs. Macar\u00e1<br \/>\nU. Cat\u00f3lica vs. Olmedo<br \/>\nEspoli vs. Liga de Quito<br \/>\nEl Nacional vs. Independiente<br \/>\nDep. Quito vs.\u00a0<strong>Emelec<\/strong><\/p>\n<p><strong>Duod\u00e9cima: 26 de septiembre<br \/>\n<\/strong><br \/>\nDep. Cuenca vs. Barcelona<br \/>\nOlmedo vs. U. Cat\u00f3lica<br \/>\n<strong>Emelec<\/strong> vs. Dep. Quito<br \/>\nLiga de Quito vs. Espoli<br \/>\nIndependiente vs. El Nacional<br \/>\nMacar\u00e1 vs. Manta<\/p>\n","protected":false},"excerpt":{"rendered":"<p>La Federaci\u00f3n Ecuatoriana de F\u00fatbol (FEF) defini\u00f3 el calendario para la segunda etapa del Campeonato Ecuatoriano de F\u00fatbol que iniciar\u00e1 el pr\u00f3ximo 11 de julio. Una vez que qued\u00f3 definido el calendario de la segunda etapa por parte del Comit\u00e9 Ejecutivo de la FEF, se dio a conocer como qued\u00f3 conformado el mismo. La segunda [&hellip;]<\/p>\n","protected":false},"author":4458,"featured_media":0,"comment_status":"open","ping_status":"open","sticky":false,"template":"","format":"standard","meta":{"footnotes":""},"categories":[1],"tags":[],"class_list":["post-55","post","type-post","status-publish","format-standard","hentry","category-uncategorized"],"_links":{"self":[{"href":"https:\/\/blog.espol.edu.ec\/luisleal\/wp-json\/wp\/v2\/posts\/55","targetHints":{"allow":["GET"]}}],"collection":[{"href":"https:\/\/blog.espol.edu.ec\/luisleal\/wp-json\/wp\/v2\/posts"}],"about":[{"href":"https:\/\/blog.espol.edu.ec\/luisleal\/wp-json\/wp\/v2\/types\/post"}],"author":[{"embeddable":true,"href":"https:\/\/blog.espol.edu.ec\/luisleal\/wp-json\/wp\/v2\/users\/4458"}],"replies":[{"embeddable":true,"href":"https:\/\/blog.espol.edu.ec\/luisleal\/wp-json\/wp\/v2\/comments?post=55"}],"version-history":[{"count":3,"href":"https:\/\/blog.espol.edu.ec\/luisleal\/wp-json\/wp\/v2\/posts\/55\/revisions"}],"predecessor-version":[{"id":57,"href":"https:\/\/blog.espol.edu.ec\/luisleal\/wp-json\/wp\/v2\/posts\/55\/revisions\/57"}],"wp:attachment":[{"href":"https:\/\/blog.espol.edu.ec\/luisleal\/wp-json\/wp\/v2\/media?parent=55"}],"wp:term":[{"taxonomy":"category","embeddable":true,"href":"https:\/\/blog.espol.edu.ec\/luisleal\/wp-json\/wp\/v2\/categories?post=55"},{"taxonomy":"post_tag","embeddable":true,"href":"https:\/\/blog.espol.edu.ec\/luisleal\/wp-json\/wp\/v2\/tags?post=55"}],"curies":[{"name":"wp","href":"https:\/\/api.w.org\/{rel}","templated":true}]}}