{"id":37,"date":"2015-11-07T06:41:14","date_gmt":"2015-11-07T06:41:14","guid":{"rendered":"http:\/\/blog.espol.edu.ec\/lumirami\/?p=37"},"modified":"2015-11-07T06:41:14","modified_gmt":"2015-11-07T06:41:14","slug":"como-esta-distribuida","status":"publish","type":"post","link":"https:\/\/blog.espol.edu.ec\/lumirami\/2015\/11\/07\/como-esta-distribuida\/","title":{"rendered":"Como esta distribuida"},"content":{"rendered":"<p style=\"text-align: justify\">Esmeraldas es la provincia de la costa ecuatoriana que se encuentra m\u00e1s al norte. El territorio es llano, con peque\u00f1as colinas de un m\u00e1ximo de 30 <a class=\"mw-redirect\" title=\"Msnm\" href=\"https:\/\/es.wikipedia.org\/wiki\/Msnm\">msnm<\/a>. Peque\u00f1as elevaciones existentes . El clima de Esmeraldas var\u00eda desde tropical subh\u00famedo, subtropical h\u00famedo y subtropical muy h\u00famedo, con una temperatura media de 23\u00a0\u00b0C.<\/p>\n<p style=\"text-align: justify\"><b>Cantones:<\/b><\/p>\n<ul style=\"text-align: justify\">\n<li><a class=\"image\" href=\"https:\/\/commons.wikimedia.org\/wiki\/File:Bandera_Prov%C3%ADncia_Esmeraldas.svg\"><img loading=\"lazy\" decoding=\"async\" class=\"thumbborder\" src=\"https:\/\/upload.wikimedia.org\/wikipedia\/commons\/thumb\/0\/0f\/Bandera_Prov%C3%ADncia_Esmeraldas.svg\/20px-Bandera_Prov%C3%ADncia_Esmeraldas.svg.png\" alt=\"Bandera Prov\u00edncia Esmeraldas.svg\" width=\"20\" height=\"13\" \/><\/a><a title=\"Cant\u00f3n Esmeraldas\" href=\"https:\/\/es.wikipedia.org\/wiki\/Cant%C3%B3n_Esmeraldas\">Esmeraldas<\/a><\/li>\n<li><a class=\"image\" href=\"https:\/\/commons.wikimedia.org\/wiki\/File:Bandera_de_Eloy_Alfaro.png\"><img loading=\"lazy\" decoding=\"async\" class=\"thumbborder\" src=\"https:\/\/upload.wikimedia.org\/wikipedia\/commons\/thumb\/2\/2c\/Bandera_de_Eloy_Alfaro.png\/20px-Bandera_de_Eloy_Alfaro.png\" alt=\"Bandera de Eloy Alfaro.png\" width=\"20\" height=\"12\" \/><\/a><a title=\"Cant\u00f3n Eloy Alfaro\" href=\"https:\/\/es.wikipedia.org\/wiki\/Cant%C3%B3n_Eloy_Alfaro\">Eloy Alfaro<\/a><\/li>\n<li><a class=\"image\" href=\"https:\/\/commons.wikimedia.org\/wiki\/File:Bandera_de_Muisne.png\"><img loading=\"lazy\" decoding=\"async\" class=\"thumbborder\" src=\"https:\/\/upload.wikimedia.org\/wikipedia\/commons\/thumb\/0\/0a\/Bandera_de_Muisne.png\/20px-Bandera_de_Muisne.png\" alt=\"Bandera de Muisne.png\" width=\"20\" height=\"11\" \/><\/a><a title=\"Cant\u00f3n Muisne\" href=\"https:\/\/es.wikipedia.org\/wiki\/Cant%C3%B3n_Muisne\">Muisne<\/a><\/li>\n<li><a class=\"image\" href=\"https:\/\/commons.wikimedia.org\/wiki\/File:Bandera_de_Quinind%C3%A9.png\"><img loading=\"lazy\" decoding=\"async\" class=\"thumbborder\" src=\"https:\/\/upload.wikimedia.org\/wikipedia\/commons\/thumb\/9\/97\/Bandera_de_Quinind%C3%A9.png\/20px-Bandera_de_Quinind%C3%A9.png\" alt=\"Bandera de Quinind\u00e9.png\" width=\"20\" height=\"11\" \/><\/a><a title=\"Cant\u00f3n Quinind\u00e9\" href=\"https:\/\/es.wikipedia.org\/wiki\/Cant%C3%B3n_Quinind%C3%A9\">Quinind\u00e9<\/a><\/li>\n<li><a class=\"image\" href=\"https:\/\/commons.wikimedia.org\/wiki\/File:Bandera_de_San_Lorenzo.png\"><img loading=\"lazy\" decoding=\"async\" class=\"thumbborder\" src=\"https:\/\/upload.wikimedia.org\/wikipedia\/commons\/thumb\/7\/79\/Bandera_de_San_Lorenzo.png\/20px-Bandera_de_San_Lorenzo.png\" alt=\"Bandera de San Lorenzo.png\" width=\"20\" height=\"11\" \/><\/a> <a title=\"Cant\u00f3n San Lorenzo\" href=\"https:\/\/es.wikipedia.org\/wiki\/Cant%C3%B3n_San_Lorenzo\">San Lorenzo<\/a><\/li>\n<li><a class=\"image\" href=\"https:\/\/commons.wikimedia.org\/wiki\/File:Bandera_de_Atacames.png\"><img loading=\"lazy\" decoding=\"async\" class=\"thumbborder\" src=\"https:\/\/upload.wikimedia.org\/wikipedia\/commons\/thumb\/2\/2b\/Bandera_de_Atacames.png\/20px-Bandera_de_Atacames.png\" alt=\"Bandera de Atacames.png\" width=\"20\" height=\"11\" \/><\/a> <a title=\"Cant\u00f3n Atacames\" href=\"https:\/\/es.wikipedia.org\/wiki\/Cant%C3%B3n_Atacames\">Atacames<\/a><\/li>\n<li><a class=\"image\" href=\"https:\/\/commons.wikimedia.org\/wiki\/File:Bandera_de_R%C3%ADo_Verde.png\"><img loading=\"lazy\" decoding=\"async\" class=\"thumbborder\" src=\"https:\/\/upload.wikimedia.org\/wikipedia\/commons\/thumb\/5\/5d\/Bandera_de_R%C3%ADo_Verde.png\/20px-Bandera_de_R%C3%ADo_Verde.png\" alt=\"Bandera de R\u00edo Verde.png\" width=\"20\" height=\"12\" \/><\/a><a title=\"Cant\u00f3n R\u00edo Verde\" href=\"https:\/\/es.wikipedia.org\/wiki\/Cant%C3%B3n_R%C3%ADo_Verde\">R\u00edo Verde<\/a><\/li>\n<\/ul>\n<p style=\"text-align: justify\">\n<b>Capital:<\/b><\/p>\n<ul style=\"text-align: justify\">\n<li>Esmeraldas.<\/li>\n<\/ul>\n<p style=\"text-align: justify\"><b>Ciudades m\u00e1s importantes:<\/b><\/p>\n<ul>\n<li style=\"text-align: justify\">Esmeraldas<\/li>\n<li style=\"text-align: justify\">Quininde<\/li>\n<li style=\"text-align: justify\">San Lorenzo<\/li>\n<li style=\"text-align: justify\">Atacames.<\/li>\n<\/ul>\n","protected":false},"excerpt":{"rendered":"<p>Esmeraldas es la provincia de la costa ecuatoriana que se encuentra m\u00e1s al norte. El territorio es llano, con peque\u00f1as colinas de un m\u00e1ximo de 30 msnm. Peque\u00f1as elevaciones existentes . El clima de Esmeraldas var\u00eda desde tropical subh\u00famedo, subtropical h\u00famedo y subtropical muy h\u00famedo, con una temperatura media de 23\u00a0\u00b0C. Cantones: Esmeraldas Eloy Alfaro [&hellip;]<\/p>\n","protected":false},"author":9931,"featured_media":0,"comment_status":"open","ping_status":"open","sticky":false,"template":"","format":"standard","meta":{"footnotes":""},"categories":[818],"tags":[],"class_list":["post-37","post","type-post","status-publish","format-standard","hentry","category-sin-categoria"],"_links":{"self":[{"href":"https:\/\/blog.espol.edu.ec\/lumirami\/wp-json\/wp\/v2\/posts\/37","targetHints":{"allow":["GET"]}}],"collection":[{"href":"https:\/\/blog.espol.edu.ec\/lumirami\/wp-json\/wp\/v2\/posts"}],"about":[{"href":"https:\/\/blog.espol.edu.ec\/lumirami\/wp-json\/wp\/v2\/types\/post"}],"author":[{"embeddable":true,"href":"https:\/\/blog.espol.edu.ec\/lumirami\/wp-json\/wp\/v2\/users\/9931"}],"replies":[{"embeddable":true,"href":"https:\/\/blog.espol.edu.ec\/lumirami\/wp-json\/wp\/v2\/comments?post=37"}],"version-history":[{"count":1,"href":"https:\/\/blog.espol.edu.ec\/lumirami\/wp-json\/wp\/v2\/posts\/37\/revisions"}],"predecessor-version":[{"id":38,"href":"https:\/\/blog.espol.edu.ec\/lumirami\/wp-json\/wp\/v2\/posts\/37\/revisions\/38"}],"wp:attachment":[{"href":"https:\/\/blog.espol.edu.ec\/lumirami\/wp-json\/wp\/v2\/media?parent=37"}],"wp:term":[{"taxonomy":"category","embeddable":true,"href":"https:\/\/blog.espol.edu.ec\/lumirami\/wp-json\/wp\/v2\/categories?post=37"},{"taxonomy":"post_tag","embeddable":true,"href":"https:\/\/blog.espol.edu.ec\/lumirami\/wp-json\/wp\/v2\/tags?post=37"}],"curies":[{"name":"wp","href":"https:\/\/api.w.org\/{rel}","templated":true}]}}